{"id":8347,"date":"2024-08-19T13:04:57","date_gmt":"2024-08-19T12:04:57","guid":{"rendered":"https:\/\/tehnokrat.si\/?p=8347"},"modified":"2024-08-19T13:04:58","modified_gmt":"2024-08-19T12:04:58","slug":"solidarnost-ni-ostala-spregledana","status":"publish","type":"post","link":"https:\/\/tehnokrat.si\/?p=8347","title":{"rendered":"Solidarnost ni ostala spregledana"},"content":{"rendered":"\n<p>Na slavnostni seji ob\u010dinskega sveta, ki je potekala ob prazniku ob\u010dine \u010crna na Koro\u0161kem, so podjetja, ki so pomagala ob katastrofalnih poplavah, iz rok \u017eupanje mag. Romane Lesjak prejela Listino solidarnosti. Listina solidarnosti je posebno priznanje ob\u010dine \u010crna na Koro\u0161kem za \u00bbtakoj\u0161njo, nesebi\u010dno in neprecenljivo pomo\u010d pri re\u0161evanju \u017eivljenj in premo\u017eenja prebivalcev ob\u010dine ob poplavah avgusta 2023\u00ab.<\/p>\n\n\n\n<p>V imenu Telekoma Slovenije je priznanje prevzel Matja\u017e Beri\u010di\u010d, direktor Omre\u017eja in infrastrukture, v imenu GVO pa Zoran Ko\u0161i\u010d iz Centra Maribor \u2013 Murska Sobota, ki je bil ob poplavah tudi med prvimi na terenu v \u010crni.<\/p>\n\n\n\n<p>Ekipe Telekoma Slovenije in GVO so v \u010crni na Koro\u0161kem, ki je bila ob lanskih poplavah odrezana od sveta, v izjemno kratkem \u010dasu in v izjemno ote\u017eenih okoli\u0161\u010dinah uspele ponovno zagotoviti komunikacijske storitve. Za to so uporabili vse mo\u017enosti, ki so bile v danih razmerah na voljo, vklju\u010dno s helikopterskimi prevozi policije, da so lahko napajanje baznih postaj zagotovili z agregati. V izjemnih okoli\u0161\u010dinah je mo\u017enost komunikacije \u0161e toliko pomembnej\u0161a, kot sicer \u2013 in tudi bazne postaje, ko so se na teh obmo\u010djih vra\u010dale v delovanje, so v trenutku dosegle maksimalen mo\u017een govorni promet. Nenazadnje so v Telekomu Slovenije na obmo\u010dju Koro\u0161ke mobilni signal ter mo\u017enost klicev in po\u0161iljanja SMS-sporo\u010dil v tistem obdobju prek nacionalnega gostovanja omogo\u010dili tudi uporabnikom operaterja A1.&nbsp;<\/p>\n\n\n\n<p>Listina solidarnosti je priznanje vsem v Telekomu Slovenije in GVO.<\/p>\n","protected":false},"excerpt":{"rendered":"<p>Na slavnostni seji ob\u010dinskega sveta, ki je potekala ob prazniku ob\u010dine \u010crna na Koro\u0161kem, so&#8230;<\/p>\n","protected":false},"author":1,"featured_media":8348,"comment_status":"open","ping_status":"open","sticky":false,"template":"","format":"standard","meta":{"_exactmetrics_skip_tracking":false,"_exactmetrics_sitenote_active":false,"_exactmetrics_sitenote_note":"","_exactmetrics_sitenote_category":0,"footnotes":""},"categories":[6],"tags":[5148,1064,5147,3543,3413,5149,5150,4556,617],"class_list":["post-8347","post","type-post","status-publish","format-standard","has-post-thumbnail","hentry","category-odtuintam","tag-crna-na-koroskem","tag-gostovanje","tag-gvo","tag-mobilno-omrezje","tag-pomoc","tag-poplave","tag-resevanje-zivljenj","tag-solidarnost","tag-telekom-slovenije"],"featured_image_urls":{"full":["https:\/\/tehnokrat.si\/wp-content\/uploads\/2024\/08\/Listina-solidarnosti.jpg",1500,2000,false],"thumbnail":["https:\/\/tehnokrat.si\/wp-content\/uploads\/2024\/08\/Listina-solidarnosti-150x150.jpg",150,150,true],"medium":["https:\/\/tehnokrat.si\/wp-content\/uploads\/2024\/08\/Listina-solidarnosti-225x300.jpg",225,300,true],"medium_large":["https:\/\/tehnokrat.si\/wp-content\/uploads\/2024\/08\/Listina-solidarnosti-768x1024.jpg",640,853,true],"large":["https:\/\/tehnokrat.si\/wp-content\/uploads\/2024\/08\/Listina-solidarnosti-768x1024.jpg",640,853,true],"1536x1536":["https:\/\/tehnokrat.si\/wp-content\/uploads\/2024\/08\/Listina-solidarnosti-1152x1536.jpg",1152,1536,true],"2048x2048":["https:\/\/tehnokrat.si\/wp-content\/uploads\/2024\/08\/Listina-solidarnosti.jpg",1500,2000,false],"newsphere-slider-full":["https:\/\/tehnokrat.si\/wp-content\/uploads\/2024\/08\/Listina-solidarnosti-1280x720.jpg",1280,720,true],"newsphere-featured":["https:\/\/tehnokrat.si\/wp-content\/uploads\/2024\/08\/Listina-solidarnosti-1024x1365.jpg",1024,1365,true],"newsphere-medium":["https:\/\/tehnokrat.si\/wp-content\/uploads\/2024\/08\/Listina-solidarnosti-720x380.jpg",720,380,true]},"author_info":{"display_name":"Miran","author_link":"https:\/\/tehnokrat.si\/?author=1"},"category_info":"<a href=\"https:\/\/tehnokrat.si\/?cat=6\" rel=\"category\">Od tu in tam<\/a>","tag_info":"Od tu in tam","comment_count":"0","_links":{"self":[{"href":"https:\/\/tehnokrat.si\/index.php?rest_route=\/wp\/v2\/posts\/8347","targetHints":{"allow":["GET"]}}],"collection":[{"href":"https:\/\/tehnokrat.si\/index.php?rest_route=\/wp\/v2\/posts"}],"about":[{"href":"https:\/\/tehnokrat.si\/index.php?rest_route=\/wp\/v2\/types\/post"}],"author":[{"embeddable":true,"href":"https:\/\/tehnokrat.si\/index.php?rest_route=\/wp\/v2\/users\/1"}],"replies":[{"embeddable":true,"href":"https:\/\/tehnokrat.si\/index.php?rest_route=%2Fwp%2Fv2%2Fcomments&post=8347"}],"version-history":[{"count":1,"href":"https:\/\/tehnokrat.si\/index.php?rest_route=\/wp\/v2\/posts\/8347\/revisions"}],"predecessor-version":[{"id":8349,"href":"https:\/\/tehnokrat.si\/index.php?rest_route=\/wp\/v2\/posts\/8347\/revisions\/8349"}],"wp:featuredmedia":[{"embeddable":true,"href":"https:\/\/tehnokrat.si\/index.php?rest_route=\/wp\/v2\/media\/8348"}],"wp:attachment":[{"href":"https:\/\/tehnokrat.si\/index.php?rest_route=%2Fwp%2Fv2%2Fmedia&parent=8347"}],"wp:term":[{"taxonomy":"category","embeddable":true,"href":"https:\/\/tehnokrat.si\/index.php?rest_route=%2Fwp%2Fv2%2Fcategories&post=8347"},{"taxonomy":"post_tag","embeddable":true,"href":"https:\/\/tehnokrat.si\/index.php?rest_route=%2Fwp%2Fv2%2Ftags&post=8347"}],"curies":[{"name":"wp","href":"https:\/\/api.w.org\/{rel}","templated":true}]}}