{"id":6352,"date":"2021-11-11T18:10:42","date_gmt":"2021-11-11T17:10:42","guid":{"rendered":"https:\/\/tehnokrat.si\/?p=6352"},"modified":"2021-11-11T18:10:43","modified_gmt":"2021-11-11T17:10:43","slug":"katera-bo-inzenirka-leta-2021","status":"publish","type":"post","link":"https:\/\/tehnokrat.si\/?p=6352","title":{"rendered":"Katera bo In\u017eenirka leta 2021?"},"content":{"rendered":"\n<p><strong>Znanih je deset nominirank za In\u017eenirko leta 2021, ki predstavljajo najve\u010dji potencial, da so s svojim delom in osebnostjo lahko zgled in navdih mlaj\u0161im generacijam deklet. In\u017eenirka leta 2021 bo znana na slavnostni prireditvi januarja 2022.<\/strong><\/p>\n\n\n\n<p>Letos te\u010de \u010detrti izbor In\u017eenirka leta, ki v ospredje postavlja potencial nominirank, da so kot in\u017eenirke zgled in navdih&nbsp;mlaj\u0161im generacijam deklet. Namen izbora je \u010dim \u0161ir\u0161a in u\u010dinkovita dru\u017ebena promocija in\u017eenirk, med katerimi ena prejme priznanje In\u017eenirka leta. Tudi leto\u0161nje glavno merilo izbora nominirank je bila raznolikost: glede na izobrazbo, starost, organizacijo oz. zaposlovalca, podro\u010dje dela, dosedanjo pojavnost in poklicno usmeritev. Po tem merilu odkrivajo potencial pestre izbire poklicne poti, ki jo omogo\u010da in\u017eenirski poklic, in kaj vse lahko in\u017eenirke na svoji poklicni poti dose\u017eejo.<\/p>\n\n\n\n<p>Med leto\u0161nje nominiranke za In\u017eenirko leta 2021 so uvr\u0161\u010dene (<em>podrobne predstavitve in fotografije nominirank so v prilo\u017eenem dokumentu<\/em>):<\/p>\n\n\n\n<ul class=\"wp-block-list\"><li><strong>\u0160pela Jernejc<\/strong>, direktorica, vodja razvoja, tehnologinja v podjetju Procesni In\u017eeniring d.o.o.<\/li><li><strong>\u0160pela Jug<\/strong>, procesna tehnologinja na enoti Trdni izdelki v podjetju Lek d.d.;<\/li><li><strong>Nata\u0161a Kova\u010devi\u0107<\/strong>, vodja projektov na oddelku za raziskave v podjetju Kolektor Group d.o.o.;<\/li><li><strong>Branka Kranvogl<\/strong>, vodja projektov v podjetju Cleangrad d.o.o.;<\/li><li><strong>Dijana Makivi\u0107 Grilc<\/strong>, vi\u0161ja tr\u017ena analiti\u010darka v podjetju GEN-I d.o.o.;<\/li><li><strong>Adina Mlivi\u0107<\/strong>, vi\u0161ja strokovnjakinja specialistka v materialnem toku v podjetju BSH Hi\u0161ni aparati d.o.o. Nazarje;<\/li><li><strong>Lea Nagli\u010d<\/strong>, testerka programske opreme v podjetju Loftware (NiceLabel);<\/li><li><strong>Bo\u017eidarka Radovi\u0107<\/strong>, vodja razvoja sistema za elektronsko predpisovanje zdravil v podjetju Better d.o.o;<\/li><li><strong>Judita Zupan\u010di\u010d, <\/strong>samostojna analiti\u010darka na oddelku Raztapljanje trdnih oblik v podjetju Krka d.d.;<\/li><li><strong>Tja\u0161a Zupan\u010di\u010d Hartner<\/strong>, vodja oddelka operativne odli\u010dnosti v podjetju Varis Lendava d.o.o.<\/li><\/ul>\n\n\n\n<p><strong>10 enakovrednih nominirank, ena &#8216;predsednica razreda&#8217;<br><\/strong>Izbor, ki poteka v soorganizaciji revije IRT3000, dru\u017ebe Mediade ter drugih sodelujo\u010dih partnerjev, je del projekta In\u017eenirke in in\u017eenirji bomo!. Ta iniciativa mlade z dogodki na slovenskih gimnazijah in \u0161olskih centrih \u017ee deseto leto (od leta 2012) navdu\u0161uje za in\u017eenirstvo, tehniko, naravoslovje in inovativnost.<strong> <\/strong>Z izborom In\u017eenirka leta organizatorji naslavljajo predvsem problem \u00b4nevidnosti\u00b4 in\u017eenirk v dru\u017ebi. Pri izboru je v ospredju doprinos in\u017eenirk k razvoju tehnologije ter napredku gospodarstva in dru\u017ebe kot celote.<\/p>\n\n\n\n<p><strong>Naslednica Jasne Hengovi\u0107 bo znana januarja 2022<\/strong><strong><br><\/strong>Na odlo\u010ditev, katera od nominirank predstavlja najve\u010dji zgled in navdih mladim, s svojimi glasovi enakovredno vplivajo \u0161tiri skupine oz. d\u00e9le\u017eniki izbora: vse nominiranke za priznanje In\u017eenirka leta, predstavniki medijev, dijakinje in profesorji srednjih \u0161ol ter predstavniki organizatorja in partnerjev.<\/p>\n\n\n\n<p>Aktualna nosilka naziva In\u017eenirka leta je<strong> Jasna Hengovi\u0107<\/strong>, razvijalka programske opreme v podjetju Cosylab. Pred njo sta bili in\u017eenirki leta <strong>Aida Kami\u0161ali\u0107 Latifi\u0107<\/strong>, raziskovalka in predavateljica na Fakulteti za elektrotehniko, ra\u010dunalni\u0161tvo in informatiko Univerze v Mariboru in <strong>Dora Domajnko<\/strong>, doktorica elektrotehnike in razvojna in\u017eenirka v podjetju RLS merilna tehnika.<\/p>\n\n\n\n<p><\/p>\n","protected":false},"excerpt":{"rendered":"<p>Znanih je deset nominirank za In\u017eenirko leta 2021, ki predstavljajo najve\u010dji potencial, da so s&#8230;<\/p>\n","protected":false},"author":1,"featured_media":6353,"comment_status":"open","ping_status":"open","sticky":false,"template":"","format":"standard","meta":{"_exactmetrics_skip_tracking":false,"_exactmetrics_sitenote_active":false,"_exactmetrics_sitenote_note":"","_exactmetrics_sitenote_category":0,"footnotes":""},"categories":[6],"tags":[1136,3982,3985,3984,3987,3983,3986,845],"class_list":["post-6352","post","type-post","status-publish","format-standard","has-post-thumbnail","hentry","category-odtuintam","tag-inovacije","tag-inzenirka-leta","tag-inzenirstvo","tag-izbor","tag-naravoslovje","tag-nominiranke","tag-tehnika","tag-tekmovanje"],"featured_image_urls":{"full":["https:\/\/tehnokrat.si\/wp-content\/uploads\/2021\/11\/Spoznajte-cetrto-generacijo-desetih-nominirank-za-Inzenirko-leta-2021.png",1205,827,false],"thumbnail":["https:\/\/tehnokrat.si\/wp-content\/uploads\/2021\/11\/Spoznajte-cetrto-generacijo-desetih-nominirank-za-Inzenirko-leta-2021-150x150.png",150,150,true],"medium":["https:\/\/tehnokrat.si\/wp-content\/uploads\/2021\/11\/Spoznajte-cetrto-generacijo-desetih-nominirank-za-Inzenirko-leta-2021-300x206.png",300,206,true],"medium_large":["https:\/\/tehnokrat.si\/wp-content\/uploads\/2021\/11\/Spoznajte-cetrto-generacijo-desetih-nominirank-za-Inzenirko-leta-2021-768x527.png",640,439,true],"large":["https:\/\/tehnokrat.si\/wp-content\/uploads\/2021\/11\/Spoznajte-cetrto-generacijo-desetih-nominirank-za-Inzenirko-leta-2021-1024x703.png",640,439,true],"1536x1536":["https:\/\/tehnokrat.si\/wp-content\/uploads\/2021\/11\/Spoznajte-cetrto-generacijo-desetih-nominirank-za-Inzenirko-leta-2021.png",1205,827,false],"2048x2048":["https:\/\/tehnokrat.si\/wp-content\/uploads\/2021\/11\/Spoznajte-cetrto-generacijo-desetih-nominirank-za-Inzenirko-leta-2021.png",1205,827,false],"newsphere-slider-full":["https:\/\/tehnokrat.si\/wp-content\/uploads\/2021\/11\/Spoznajte-cetrto-generacijo-desetih-nominirank-za-Inzenirko-leta-2021-1205x720.png",1205,720,true],"newsphere-featured":["https:\/\/tehnokrat.si\/wp-content\/uploads\/2021\/11\/Spoznajte-cetrto-generacijo-desetih-nominirank-za-Inzenirko-leta-2021-1024x703.png",1024,703,true],"newsphere-medium":["https:\/\/tehnokrat.si\/wp-content\/uploads\/2021\/11\/Spoznajte-cetrto-generacijo-desetih-nominirank-za-Inzenirko-leta-2021-720x380.png",720,380,true]},"author_info":{"display_name":"Miran","author_link":"https:\/\/tehnokrat.si\/?author=1"},"category_info":"<a href=\"https:\/\/tehnokrat.si\/?cat=6\" rel=\"category\">Od tu in tam<\/a>","tag_info":"Od tu in tam","comment_count":"0","_links":{"self":[{"href":"https:\/\/tehnokrat.si\/index.php?rest_route=\/wp\/v2\/posts\/6352","targetHints":{"allow":["GET"]}}],"collection":[{"href":"https:\/\/tehnokrat.si\/index.php?rest_route=\/wp\/v2\/posts"}],"about":[{"href":"https:\/\/tehnokrat.si\/index.php?rest_route=\/wp\/v2\/types\/post"}],"author":[{"embeddable":true,"href":"https:\/\/tehnokrat.si\/index.php?rest_route=\/wp\/v2\/users\/1"}],"replies":[{"embeddable":true,"href":"https:\/\/tehnokrat.si\/index.php?rest_route=%2Fwp%2Fv2%2Fcomments&post=6352"}],"version-history":[{"count":1,"href":"https:\/\/tehnokrat.si\/index.php?rest_route=\/wp\/v2\/posts\/6352\/revisions"}],"predecessor-version":[{"id":6354,"href":"https:\/\/tehnokrat.si\/index.php?rest_route=\/wp\/v2\/posts\/6352\/revisions\/6354"}],"wp:featuredmedia":[{"embeddable":true,"href":"https:\/\/tehnokrat.si\/index.php?rest_route=\/wp\/v2\/media\/6353"}],"wp:attachment":[{"href":"https:\/\/tehnokrat.si\/index.php?rest_route=%2Fwp%2Fv2%2Fmedia&parent=6352"}],"wp:term":[{"taxonomy":"category","embeddable":true,"href":"https:\/\/tehnokrat.si\/index.php?rest_route=%2Fwp%2Fv2%2Fcategories&post=6352"},{"taxonomy":"post_tag","embeddable":true,"href":"https:\/\/tehnokrat.si\/index.php?rest_route=%2Fwp%2Fv2%2Ftags&post=6352"}],"curies":[{"name":"wp","href":"https:\/\/api.w.org\/{rel}","templated":true}]}}