{"id":37,"date":"2013-12-17T20:48:52","date_gmt":"2013-12-17T19:48:52","guid":{"rendered":"http:\/\/tehnokrat.si\/?p=37"},"modified":"2013-12-17T22:44:42","modified_gmt":"2013-12-17T21:44:42","slug":"citroen-racing-letos-v-boju-na-vseh-frontah","status":"publish","type":"post","link":"https:\/\/tehnokrat.si\/?p=37","title":{"rendered":"Citro\u00ebn Racing letos v boju na vseh frontah"},"content":{"rendered":"<p><strong>Citro\u00ebn Racing je v tehni\u010dnem centru v Versaillesu predstavil podrobnosti o svojem programu \u0161portnih tekmovanj za leto 2014. Prvi\u010d v zgodovini bo Citro\u00ebn v isti sezoni hkrati nastopil na dveh svetovnih prvenstvih FIA, in sicer z reli dirkalniki (WRC) in turnimi avtomobili (WTCC). <\/strong><\/p>\n<p><strong><!--more--><a href=\"http:\/\/tehnokrat.si\/wp-content\/uploads\/2013\/12\/Citroen-WRC-in-WTCC-ekipi.jpg\"><img loading=\"lazy\" decoding=\"async\" class=\"alignnone size-medium wp-image-38\" alt=\"Citroen WRC in WTCC ekipi\" src=\"http:\/\/tehnokrat.si\/wp-content\/uploads\/2013\/12\/Citroen-WRC-in-WTCC-ekipi-300x199.jpg\" width=\"300\" height=\"199\" srcset=\"https:\/\/tehnokrat.si\/wp-content\/uploads\/2013\/12\/Citroen-WRC-in-WTCC-ekipi-300x199.jpg 300w, https:\/\/tehnokrat.si\/wp-content\/uploads\/2013\/12\/Citroen-WRC-in-WTCC-ekipi.jpg 768w\" sizes=\"auto, (max-width: 300px) 100vw, 300px\" \/><\/a><br \/>\n<\/strong><\/p>\n<p>Od samega za\u010detka prvenstva WRC, 14. januarja v Monte-Carlu, pa vse do \u010drno-bele zastavice na finalni dirki prvenstva WTCC, 16. novembra v Macau, se bo ekipa Citro\u00ebn Racing soo\u010dila s 306 napetimi dnevi v sklopu dveh svetovnih prvenstev oziroma na skupno 25 dirkah.<\/p>\n<p>Navkljub te\u017ekim ekonomskim razmeram, s katerimi se soo\u010da avtomobilska industrija (skupina PSA ni nobena izjema), pa se bodo blagovna znamka Citro\u00ebn in njene kreativne tehnologije (saj poznate slogan Cr\u00e9ative Technologie?) predstavile v \u0161e ve\u010d dr\u017eavah na vseh kontinentih sveta.<\/p>\n<p>Barve WRC tovarni\u0161ke ekipe Citro\u00ebn Total Abu Dhabi World Rally Team bosta zastopala vozni\u0161ka para Kris Meeke\/Paul Nagle in Mads \u00d8stberg\/Jonas Andersson. Po odhodu Loeba in Ogierja je \u017ee jasno, da bodo zmage tokrat velik uspeh.<\/p>\n<p>Bo pa zato S\u00e9bastien Loeba v dru\u017ebi starega ma\u010dka Yvana Mullerja ter novinca Jos\u00e9-Marie L\u00f3peza po dirkali\u0161\u010dih letos podil dirkalnik Citro\u00ebn C-Elys\u00e9e WTCC. Kako dobro je le ta pripravljen, bodo pokazale prve dirke, saj za vse tekmovalce letos veljajo novi predpisi.<\/p>\n","protected":false},"excerpt":{"rendered":"<p>Citro\u00ebn Racing je v tehni\u010dnem centru v Versaillesu predstavil podrobnosti o svojem programu \u0161portnih tekmovanj&#8230;<\/p>\n","protected":false},"author":1,"featured_media":38,"comment_status":"open","ping_status":"open","sticky":false,"template":"","format":"standard","meta":{"_exactmetrics_skip_tracking":false,"_exactmetrics_sitenote_active":false,"_exactmetrics_sitenote_note":"","_exactmetrics_sitenote_category":0,"footnotes":""},"categories":[5],"tags":[],"class_list":["post-37","post","type-post","status-publish","format-standard","has-post-thumbnail","hentry","category-avtomobilizem"],"featured_image_urls":{"full":["https:\/\/tehnokrat.si\/wp-content\/uploads\/2013\/12\/Citroen-WRC-in-WTCC-ekipi.jpg",768,511,false],"thumbnail":["https:\/\/tehnokrat.si\/wp-content\/uploads\/2013\/12\/Citroen-WRC-in-WTCC-ekipi-150x150.jpg",150,150,true],"medium":["https:\/\/tehnokrat.si\/wp-content\/uploads\/2013\/12\/Citroen-WRC-in-WTCC-ekipi-300x199.jpg",300,199,true],"medium_large":["https:\/\/tehnokrat.si\/wp-content\/uploads\/2013\/12\/Citroen-WRC-in-WTCC-ekipi.jpg",640,426,false],"large":["https:\/\/tehnokrat.si\/wp-content\/uploads\/2013\/12\/Citroen-WRC-in-WTCC-ekipi.jpg",640,426,false],"1536x1536":["https:\/\/tehnokrat.si\/wp-content\/uploads\/2013\/12\/Citroen-WRC-in-WTCC-ekipi.jpg",768,511,false],"2048x2048":["https:\/\/tehnokrat.si\/wp-content\/uploads\/2013\/12\/Citroen-WRC-in-WTCC-ekipi.jpg",768,511,false],"newsphere-slider-full":["https:\/\/tehnokrat.si\/wp-content\/uploads\/2013\/12\/Citroen-WRC-in-WTCC-ekipi.jpg",768,511,false],"newsphere-featured":["https:\/\/tehnokrat.si\/wp-content\/uploads\/2013\/12\/Citroen-WRC-in-WTCC-ekipi.jpg",768,511,false],"newsphere-medium":["https:\/\/tehnokrat.si\/wp-content\/uploads\/2013\/12\/Citroen-WRC-in-WTCC-ekipi.jpg",571,380,false]},"author_info":{"display_name":"Miran","author_link":"https:\/\/tehnokrat.si\/?author=1"},"category_info":"<a href=\"https:\/\/tehnokrat.si\/?cat=5\" rel=\"category\">Avtomobilizem<\/a>","tag_info":"Avtomobilizem","comment_count":"0","_links":{"self":[{"href":"https:\/\/tehnokrat.si\/index.php?rest_route=\/wp\/v2\/posts\/37","targetHints":{"allow":["GET"]}}],"collection":[{"href":"https:\/\/tehnokrat.si\/index.php?rest_route=\/wp\/v2\/posts"}],"about":[{"href":"https:\/\/tehnokrat.si\/index.php?rest_route=\/wp\/v2\/types\/post"}],"author":[{"embeddable":true,"href":"https:\/\/tehnokrat.si\/index.php?rest_route=\/wp\/v2\/users\/1"}],"replies":[{"embeddable":true,"href":"https:\/\/tehnokrat.si\/index.php?rest_route=%2Fwp%2Fv2%2Fcomments&post=37"}],"version-history":[{"count":2,"href":"https:\/\/tehnokrat.si\/index.php?rest_route=\/wp\/v2\/posts\/37\/revisions"}],"predecessor-version":[{"id":57,"href":"https:\/\/tehnokrat.si\/index.php?rest_route=\/wp\/v2\/posts\/37\/revisions\/57"}],"wp:featuredmedia":[{"embeddable":true,"href":"https:\/\/tehnokrat.si\/index.php?rest_route=\/wp\/v2\/media\/38"}],"wp:attachment":[{"href":"https:\/\/tehnokrat.si\/index.php?rest_route=%2Fwp%2Fv2%2Fmedia&parent=37"}],"wp:term":[{"taxonomy":"category","embeddable":true,"href":"https:\/\/tehnokrat.si\/index.php?rest_route=%2Fwp%2Fv2%2Fcategories&post=37"},{"taxonomy":"post_tag","embeddable":true,"href":"https:\/\/tehnokrat.si\/index.php?rest_route=%2Fwp%2Fv2%2Ftags&post=37"}],"curies":[{"name":"wp","href":"https:\/\/api.w.org\/{rel}","templated":true}]}}