{"id":2715,"date":"2016-01-20T12:37:50","date_gmt":"2016-01-20T11:37:50","guid":{"rendered":"http:\/\/tehnokrat.si\/?p=2715"},"modified":"2016-01-22T13:44:52","modified_gmt":"2016-01-22T12:44:52","slug":"cebit-zopet-stavi-na-digitalizacijo","status":"publish","type":"post","link":"https:\/\/tehnokrat.si\/?p=2715","title":{"rendered":"CeBIT zopet stavi na digitalizacijo"},"content":{"rendered":"<p>Tehnolo\u0161ki razvoj v podjetjih ka\u017ee na pospe\u0161eno digitalizacijo poslovanja. Digitalna transformacija in digitalizacija sta tisti, ki bosta odlo\u010dili, kdo bo vodilni ponudnik re\u0161itev in storitev v prihodnjih letih. Tudi sejem CeBIT se zadnja leta mo\u010dno osredoto\u010da na digitalne spremembe.<\/p>\n<p><a href=\"http:\/\/tehnokrat.si\/wp-content\/uploads\/2016\/01\/CeBIT_preview_naslovna.jpg\" rel=\"attachment wp-att-2719\"><img loading=\"lazy\" decoding=\"async\" class=\"alignnone size-medium wp-image-2719\" src=\"http:\/\/tehnokrat.si\/wp-content\/uploads\/2016\/01\/CeBIT_preview_naslovna-300x206.jpg\" alt=\"CeBIT_preview_naslovna\" width=\"300\" height=\"206\" srcset=\"https:\/\/tehnokrat.si\/wp-content\/uploads\/2016\/01\/CeBIT_preview_naslovna-300x206.jpg 300w, https:\/\/tehnokrat.si\/wp-content\/uploads\/2016\/01\/CeBIT_preview_naslovna-768x527.jpg 768w, https:\/\/tehnokrat.si\/wp-content\/uploads\/2016\/01\/CeBIT_preview_naslovna-1024x703.jpg 1024w, https:\/\/tehnokrat.si\/wp-content\/uploads\/2016\/01\/CeBIT_preview_naslovna.jpg 2000w\" sizes=\"auto, (max-width: 300px) 100vw, 300px\" \/><\/a><\/p>\n<p>Na dogodku CeBIT Preview v Hannovru so organizatorji zatrdili, da se z 2016 za\u010denja se nova zgodovina sejma. Nekaj vsekakor dr\u017ei \u2013 noben drug dogodek nima takega vpliva na posel in dru\u017ebo, ko je govora o sami digitalizaciji posla in \u017eivljenj uporabnikov. Globalni megatrendi, kakr\u0161na sta veliki podatki in analitika, ka\u017eejo, da informacije, pravo\u010dasne in kar se da natan\u010dne in bogate, postajajo novo zlato. Digitalna agenda v Evropi pa ni povezana zgolj z varnostjo in infrastrukturo. Na sejmu CeBIT bo organiziranih ve\u010d kot tiso\u010d (da, 1000!) lo\u010denih dogodkov, kjer bodo obiskovalci na sejmi\u0161\u010du lahko osebno izkusili t. i. digitalizacijo. Veliko bo dejanskih aplikacij in prakti\u010dnih primerov, \u0161tevilni razstavljavci bodo povsem spremenili koncept razstavnih prostorov in jih oblikovali skladno z novimi re\u0161itvami.<\/p>\n<p><a href=\"http:\/\/tehnokrat.si\/wp-content\/uploads\/2016\/01\/CeBIT_preview_datacenter.jpg\" rel=\"attachment wp-att-2718\"><img loading=\"lazy\" decoding=\"async\" class=\"alignnone size-medium wp-image-2718\" src=\"http:\/\/tehnokrat.si\/wp-content\/uploads\/2016\/01\/CeBIT_preview_datacenter-300x273.jpg\" alt=\"CeBIT_preview_datacenter\" width=\"300\" height=\"273\" srcset=\"https:\/\/tehnokrat.si\/wp-content\/uploads\/2016\/01\/CeBIT_preview_datacenter-300x273.jpg 300w, https:\/\/tehnokrat.si\/wp-content\/uploads\/2016\/01\/CeBIT_preview_datacenter-768x698.jpg 768w, https:\/\/tehnokrat.si\/wp-content\/uploads\/2016\/01\/CeBIT_preview_datacenter-1024x931.jpg 1024w, https:\/\/tehnokrat.si\/wp-content\/uploads\/2016\/01\/CeBIT_preview_datacenter.jpg 2000w\" sizes=\"auto, (max-width: 300px) 100vw, 300px\" \/><\/a><\/p>\n<p>Ne le velikane iz IT-industrije, sejem CeBIT podpira tudi zagonska podjetja, jim pomaga pri uveljavitvi in pridobitvi financiranja za preboj novih idej in re\u0161itev. Letos jim bo poleg tekmovanja SCALE11 na voljo cela razstavna hala za predstavitev svojih idej. V okviru CeBIT Global Conferences, ki vsako leto postre\u017eejo z vrhunskimi predavatelji in zanimivimi temami glede razvoja in vizije industrije IKT, pa bo letos organiziran ve\u010d sto predavanj.<\/p>\n<p><a href=\"http:\/\/tehnokrat.si\/wp-content\/uploads\/2016\/01\/CeBIT_preview_konfernce.jpg\" rel=\"attachment wp-att-2717\"><img loading=\"lazy\" decoding=\"async\" class=\"alignnone size-medium wp-image-2717\" src=\"http:\/\/tehnokrat.si\/wp-content\/uploads\/2016\/01\/CeBIT_preview_konfernce-300x159.jpg\" alt=\"CeBIT_preview_konfernce\" width=\"300\" height=\"159\" srcset=\"https:\/\/tehnokrat.si\/wp-content\/uploads\/2016\/01\/CeBIT_preview_konfernce-300x159.jpg 300w, https:\/\/tehnokrat.si\/wp-content\/uploads\/2016\/01\/CeBIT_preview_konfernce-768x407.jpg 768w, https:\/\/tehnokrat.si\/wp-content\/uploads\/2016\/01\/CeBIT_preview_konfernce-1024x542.jpg 1024w, https:\/\/tehnokrat.si\/wp-content\/uploads\/2016\/01\/CeBIT_preview_konfernce.jpg 2000w\" sizes=\"auto, (max-width: 300px) 100vw, 300px\" \/><\/a><\/p>\n<p>Kdor bo 14. marca (in v dneh, ki sledijo) za\u0161el v Hannover, mu vsekakor ne bo \u017eal.<\/p>\n","protected":false},"excerpt":{"rendered":"<p>Tehnolo\u0161ki razvoj v podjetjih ka\u017ee na pospe\u0161eno digitalizacijo poslovanja. Digitalna transformacija in digitalizacija sta tisti,&#8230;<\/p>\n","protected":false},"author":1,"featured_media":2719,"comment_status":"open","ping_status":"open","sticky":false,"template":"","format":"standard","meta":{"_exactmetrics_skip_tracking":false,"_exactmetrics_sitenote_active":false,"_exactmetrics_sitenote_note":"","_exactmetrics_sitenote_category":0,"footnotes":""},"categories":[1],"tags":[394,1640,1235,1641,1642,1643],"class_list":["post-2715","post","type-post","status-publish","format-standard","has-post-thumbnail","hentry","category-it","tag-cebit","tag-digitalizacija","tag-it","tag-preview","tag-scale11","tag-zagonska-podjetja"],"featured_image_urls":{"full":["https:\/\/tehnokrat.si\/wp-content\/uploads\/2016\/01\/CeBIT_preview_naslovna.jpg",2000,1373,false],"thumbnail":["https:\/\/tehnokrat.si\/wp-content\/uploads\/2016\/01\/CeBIT_preview_naslovna-150x150.jpg",150,150,true],"medium":["https:\/\/tehnokrat.si\/wp-content\/uploads\/2016\/01\/CeBIT_preview_naslovna-300x206.jpg",300,206,true],"medium_large":["https:\/\/tehnokrat.si\/wp-content\/uploads\/2016\/01\/CeBIT_preview_naslovna-768x527.jpg",640,439,true],"large":["https:\/\/tehnokrat.si\/wp-content\/uploads\/2016\/01\/CeBIT_preview_naslovna-1024x703.jpg",640,439,true],"1536x1536":["https:\/\/tehnokrat.si\/wp-content\/uploads\/2016\/01\/CeBIT_preview_naslovna.jpg",1536,1054,false],"2048x2048":["https:\/\/tehnokrat.si\/wp-content\/uploads\/2016\/01\/CeBIT_preview_naslovna.jpg",2000,1373,false],"newsphere-slider-full":["https:\/\/tehnokrat.si\/wp-content\/uploads\/2016\/01\/CeBIT_preview_naslovna.jpg",1049,720,false],"newsphere-featured":["https:\/\/tehnokrat.si\/wp-content\/uploads\/2016\/01\/CeBIT_preview_naslovna.jpg",1024,703,false],"newsphere-medium":["https:\/\/tehnokrat.si\/wp-content\/uploads\/2016\/01\/CeBIT_preview_naslovna.jpg",554,380,false]},"author_info":{"display_name":"Miran","author_link":"https:\/\/tehnokrat.si\/?author=1"},"category_info":"<a href=\"https:\/\/tehnokrat.si\/?cat=1\" rel=\"category\">Informacijske tehnologije<\/a>","tag_info":"Informacijske tehnologije","comment_count":"0","_links":{"self":[{"href":"https:\/\/tehnokrat.si\/index.php?rest_route=\/wp\/v2\/posts\/2715","targetHints":{"allow":["GET"]}}],"collection":[{"href":"https:\/\/tehnokrat.si\/index.php?rest_route=\/wp\/v2\/posts"}],"about":[{"href":"https:\/\/tehnokrat.si\/index.php?rest_route=\/wp\/v2\/types\/post"}],"author":[{"embeddable":true,"href":"https:\/\/tehnokrat.si\/index.php?rest_route=\/wp\/v2\/users\/1"}],"replies":[{"embeddable":true,"href":"https:\/\/tehnokrat.si\/index.php?rest_route=%2Fwp%2Fv2%2Fcomments&post=2715"}],"version-history":[{"count":2,"href":"https:\/\/tehnokrat.si\/index.php?rest_route=\/wp\/v2\/posts\/2715\/revisions"}],"predecessor-version":[{"id":2720,"href":"https:\/\/tehnokrat.si\/index.php?rest_route=\/wp\/v2\/posts\/2715\/revisions\/2720"}],"wp:featuredmedia":[{"embeddable":true,"href":"https:\/\/tehnokrat.si\/index.php?rest_route=\/wp\/v2\/media\/2719"}],"wp:attachment":[{"href":"https:\/\/tehnokrat.si\/index.php?rest_route=%2Fwp%2Fv2%2Fmedia&parent=2715"}],"wp:term":[{"taxonomy":"category","embeddable":true,"href":"https:\/\/tehnokrat.si\/index.php?rest_route=%2Fwp%2Fv2%2Fcategories&post=2715"},{"taxonomy":"post_tag","embeddable":true,"href":"https:\/\/tehnokrat.si\/index.php?rest_route=%2Fwp%2Fv2%2Ftags&post=2715"}],"curies":[{"name":"wp","href":"https:\/\/api.w.org\/{rel}","templated":true}]}}