{"id":12008,"date":"2026-09-04T07:30:36","date_gmt":"2026-09-04T06:30:36","guid":{"rendered":"https:\/\/tehnokrat.si\/?p=12008"},"modified":"2026-09-04T07:30:37","modified_gmt":"2026-09-04T06:30:37","slug":"pralni-stroji-z-ravno-zasnovo","status":"publish","type":"post","link":"https:\/\/tehnokrat.si\/?p=12008","title":{"rendered":"Pralni stroji z ravno zasnovo"},"content":{"rendered":"\n<p class=\"wp-block-paragraph\">Na razstavnem prostoru podjetja Samsung, ki ga je ta pripravil v okviru sejma IFA 2026, smo si lahko ogledali tudi pralne stroje z ravno zasnovo. Kaj sploh prina\u0161a ta inovacija?<\/p>\n\n\n\n<p class=\"wp-block-paragraph\">\u00bbUporabniki po vsem svetu vse bolj pri\u010dakujejo, da se gospodinjski aparati skladno vklju\u010dujejo v njihov bivalni prostor,\u00ab je izpostvail Hyoung Min Park, podpredsednik in vodja ekipe za uporabni\u0161ko izku\u0161njo v diviziji Digital Appliances (DA) pri dru\u017ebi Samsung Electronics. \u00bbS \u0161iritvijo ravne zasnove na ve\u010dji nabor aparatov za nego perila \u017eeli Samsung zagotoviti enotno oblikovalsko izku\u0161njo, ki zdru\u017euje prefinjeno estetiko in premi\u0161ljeno uporabnost.\u00ab<\/p>\n\n\n\n<p class=\"wp-block-paragraph\"><strong>Prefinjena ravna zasnova omogo\u010da bolj\u0161o umestitev v prostor in la\u017ejo uporabo<\/strong><\/p>\n\n\n\n<p class=\"wp-block-paragraph\">Samsungova \u0161iritev prepoznavne ravne zasnove na novo linijo pralnih strojev s sprednjim polnjenjem \u0161irine 61 cm pomeni najnovej\u0161i korak v razvoju oblikovalskega pristopa, ki ga dru\u017eba uvaja v celotni ponudbi gospodinjskih aparatov.<\/p>\n\n\n\n<p class=\"wp-block-paragraph\">V primerjavi s prej\u0161njimi Samsung zasnovami z bolj izstopajo\u010dimi elementi na sprednji strani ima posodobljena zasnova ravno sprednjo povr\u0161ino in bolj poenoten videz. Tako ustvarja \u010distej\u0161i in prefinjenej\u0161i videz, ki se naravno zlije s sodobno notranjo opremo in bivalnimi prostori.<\/p>\n\n\n\n<p class=\"wp-block-paragraph\">Zasnova poleg estetike izbolj\u0161uje tudi vsakodnevno uporabo. Ve\u010dja vrata s \u0161ir\u0161im kotom odpiranja omogo\u010dajo la\u017eji dostop pri vstavljanju in odstranjevanju perila, zato je opravilo priro\u010dnej\u0161e. Nova linija in njena predstavitev na sejmu IFA obenem odra\u017eata nadaljnja prizadevanja podjetja Samsung, da bi bila prefinjena oblikovalska izku\u0161nja dostopna ve\u010djemu \u0161tevilu uporabnikov in primerna za razli\u010dne bivalne prostore.<\/p>\n\n\n\n<p class=\"wp-block-paragraph\"><strong>Funkcije, zasnovane za potrebe vsakodnevnega pranja perila<\/strong><\/p>\n\n\n\n<p class=\"wp-block-paragraph\">Nova linija poleg prenovljene zunanjosti vklju\u010duje tudi klju\u010dne tehnologije za nego perila, ki so bile doslej na voljo pri izbranih premijskih modelih, s \u010dimer naprednej\u0161o izku\u0161njo pranja pribli\u017euje ve\u010djemu \u0161tevilu uporabnikov. Kot odgovor na vse ve\u010dje povpra\u0161evanje po kraj\u0161ih ciklih pranja in u\u010dinkovitej\u0161i vsakodnevni negi perila vklju\u010duje tehnologijo Bubble Shot\u2122, ki razpr\u0161uje vodo po celotnem bobnu. To pripomore h kraj\u0161emu \u010dasu pranja ob ohranjanju u\u010dinkovitega odstranjevanja umazanije ter uporabnikom omogo\u010da priro\u010dnej\u0161o izku\u0161njo pranja.<\/p>\n\n\n\n<p class=\"wp-block-paragraph\">Linija je opremljena tudi s tehnologijo Ecobubble\u2122, ki omogo\u010da hitrej\u0161e raztapljanje pralnega sredstva in njegovo enakomernej\u0161o porazdelitev po tkaninah. Tako uporabnikom pomaga prihraniti energijo in obenem u\u010dinkovito oprati obla\u010dila tudi pri nizkih temperaturah.<\/p>\n\n\n\n<p class=\"wp-block-paragraph\">Nova linija Samsung pralnih strojev \u0161irine 61 cm s prefinjeno zunanjostjo in naprednimi tehnologijami pranja zagotavlja intuitivnej\u0161o izku\u0161njo nege perila v najrazli\u010dnej\u0161ih gospodinjstvih. Podjetje bo tudi v prihodnje \u0161irilo oblikovalske re\u0161itve in tehnologije, osredoto\u010dene na potrebe uporabnikov, na celotno ponudbo gospodinjskih aparatov.<\/p>\n","protected":false},"excerpt":{"rendered":"<p>Na razstavnem prostoru podjetja Samsung, ki ga je ta pripravil v okviru sejma IFA 2026, smo si lahko ogledali tudi pralne stroje z ravno zasnovo. Kaj sploh prina\u0161a ta inovacija? \u00bbUporabniki po vsem svetu vse bolj pri\u010dakujejo, da se gospodinjski aparati skladno vklju\u010dujejo v njihov bivalni prostor,\u00ab je izpostvail Hyoung Min Park, podpredsednik in vodja&#8230;<\/p>\n","protected":false},"author":1,"featured_media":12009,"comment_status":"open","ping_status":"open","sticky":false,"template":"","format":"standard","meta":{"_exactmetrics_skip_tracking":false,"footnotes":""},"categories":[4],"tags":[5101,6222,4094,99],"class_list":["post-12008","post","type-post","status-publish","format-standard","has-post-thumbnail","hentry","category-elektronika","tag-ecobubble","tag-ifa-2026","tag-pralni-stroj","tag-samsung"],"featured_image_urls":{"full":["https:\/\/tehnokrat.si\/wp-content\/uploads\/2026\/09\/Press-Release-Samsung-Connect-at-Humboldt-Carre\u0301-in-Berlin.jpeg",1280,854,false],"thumbnail":["https:\/\/tehnokrat.si\/wp-content\/uploads\/2026\/09\/Press-Release-Samsung-Connect-at-Humboldt-Carre\u0301-in-Berlin-150x150.jpeg",150,150,true],"medium":["https:\/\/tehnokrat.si\/wp-content\/uploads\/2026\/09\/Press-Release-Samsung-Connect-at-Humboldt-Carre\u0301-in-Berlin-300x200.jpeg",300,200,true],"medium_large":["https:\/\/tehnokrat.si\/wp-content\/uploads\/2026\/09\/Press-Release-Samsung-Connect-at-Humboldt-Carre\u0301-in-Berlin-768x512.jpeg",640,427,true],"large":["https:\/\/tehnokrat.si\/wp-content\/uploads\/2026\/09\/Press-Release-Samsung-Connect-at-Humboldt-Carre\u0301-in-Berlin-1024x683.jpeg",640,427,true],"1536x1536":["https:\/\/tehnokrat.si\/wp-content\/uploads\/2026\/09\/Press-Release-Samsung-Connect-at-Humboldt-Carre\u0301-in-Berlin.jpeg",1280,854,false],"2048x2048":["https:\/\/tehnokrat.si\/wp-content\/uploads\/2026\/09\/Press-Release-Samsung-Connect-at-Humboldt-Carre\u0301-in-Berlin.jpeg",1280,854,false],"online-newspaper-featured":["https:\/\/tehnokrat.si\/wp-content\/uploads\/2026\/09\/Press-Release-Samsung-Connect-at-Humboldt-Carre\u0301-in-Berlin-1020x700.jpeg",1020,700,true],"online-newspaper-list":["https:\/\/tehnokrat.si\/wp-content\/uploads\/2026\/09\/Press-Release-Samsung-Connect-at-Humboldt-Carre\u0301-in-Berlin-600x400.jpeg",600,400,true],"online-newspaper-thumb":["https:\/\/tehnokrat.si\/wp-content\/uploads\/2026\/09\/Press-Release-Samsung-Connect-at-Humboldt-Carre\u0301-in-Berlin-300x200.jpeg",300,200,true],"online-newspaper-small":["https:\/\/tehnokrat.si\/wp-content\/uploads\/2026\/09\/Press-Release-Samsung-Connect-at-Humboldt-Carre\u0301-in-Berlin-150x95.jpeg",150,95,true],"online-newspaper-grid":["https:\/\/tehnokrat.si\/wp-content\/uploads\/2026\/09\/Press-Release-Samsung-Connect-at-Humboldt-Carre\u0301-in-Berlin-400x250.jpeg",400,250,true]},"author_info":{"display_name":"Miran","author_link":"https:\/\/tehnokrat.si\/?author=1"},"category_info":"<a href=\"https:\/\/tehnokrat.si\/?cat=4\" rel=\"category\">Zabavna elektronika<\/a>","tag_info":"Zabavna elektronika","comment_count":"0","_links":{"self":[{"href":"https:\/\/tehnokrat.si\/index.php?rest_route=\/wp\/v2\/posts\/12008","targetHints":{"allow":["GET"]}}],"collection":[{"href":"https:\/\/tehnokrat.si\/index.php?rest_route=\/wp\/v2\/posts"}],"about":[{"href":"https:\/\/tehnokrat.si\/index.php?rest_route=\/wp\/v2\/types\/post"}],"author":[{"embeddable":true,"href":"https:\/\/tehnokrat.si\/index.php?rest_route=\/wp\/v2\/users\/1"}],"replies":[{"embeddable":true,"href":"https:\/\/tehnokrat.si\/index.php?rest_route=%2Fwp%2Fv2%2Fcomments&post=12008"}],"version-history":[{"count":1,"href":"https:\/\/tehnokrat.si\/index.php?rest_route=\/wp\/v2\/posts\/12008\/revisions"}],"predecessor-version":[{"id":12010,"href":"https:\/\/tehnokrat.si\/index.php?rest_route=\/wp\/v2\/posts\/12008\/revisions\/12010"}],"wp:featuredmedia":[{"embeddable":true,"href":"https:\/\/tehnokrat.si\/index.php?rest_route=\/wp\/v2\/media\/12009"}],"wp:attachment":[{"href":"https:\/\/tehnokrat.si\/index.php?rest_route=%2Fwp%2Fv2%2Fmedia&parent=12008"}],"wp:term":[{"taxonomy":"category","embeddable":true,"href":"https:\/\/tehnokrat.si\/index.php?rest_route=%2Fwp%2Fv2%2Fcategories&post=12008"},{"taxonomy":"post_tag","embeddable":true,"href":"https:\/\/tehnokrat.si\/index.php?rest_route=%2Fwp%2Fv2%2Ftags&post=12008"}],"curies":[{"name":"wp","href":"https:\/\/api.w.org\/{rel}","templated":true}]}}