{"id":11964,"date":"2026-09-02T22:06:58","date_gmt":"2026-09-02T21:06:58","guid":{"rendered":"https:\/\/tehnokrat.si\/?p=11964"},"modified":"2026-09-02T22:06:59","modified_gmt":"2026-09-02T21:06:59","slug":"samsung-odpira-vrata-v-zivljenje-z-umetno-inteligenco","status":"publish","type":"post","link":"https:\/\/tehnokrat.si\/?p=11964","title":{"rendered":"Samsung odpira vrata v \u017eivljenje z umetno inteligenco"},"content":{"rendered":"\n<p class=\"wp-block-paragraph\">Samsung je danes v novem poglobljenem razstavnem prostoru Samsung Connect v Humboldt Carr\u00e9ju v sredi\u0161\u010du Berlina pozdravil predstavnike medijev, vplivne\u017ee in partnerje, ki so se udele\u017eili sejma IFA 2026. Do\u017eivetje, ki je na voljo od 2. do 6. septembra, predstavlja Samsungovo vizijo <em>\u00bbSopotnik za \u017eivljenje z umetno inteligenco\u00ab<\/em> prek povezanih tehnologij, ki se naravno prilagajajo ljudem in omogo\u010dajo pametnej\u0161a, preprostej\u0161a ter bolj intuitivna vsakodnevna do\u017eivetja.<\/p>\n\n\n\n<p class=\"wp-block-paragraph\">Med poudarki so predogled prihodnjih modelov pralnih strojev Bespoke AI, zasnovanih tako, da potro\u0161nikom pomagajo var\u010devati z energijo in nadzorovati obratovalne stro\u0161ke, tri prve inovacije te vrste v industriji na podro\u010dju igralnih monitorjev ter nedavno predstavljeni Galaxy S26. Do\u017eivetje temelji na dolgoletnem partnerstvu podjetja Samsung s sejmom IFA in njeni zavezanosti k uvajanju pomembnih inovacij po vsej Evropi. Samsung je tudi uradni glavni sponzor prostora IFA Creator Hub na sejmi\u0161\u010du Messe Berlin.<\/p>\n\n\n\n<p class=\"wp-block-paragraph\">\u00bbUmetna inteligenca mora prina\u0161ati oprijemljive koristi, ki jih lahko ljudje vidijo in ob\u010dutijo v vsakdanjem \u017eivljenju,\u00ab je poudaril Benjamin Braun, direktor marketinga pri Samsung Europe. \u00bbNa sejmu IFA 2026 predstavljamo, kako Samsung na prakti\u010dne in dostopne na\u010dine nadgrajuje umetno inteligenco v televizorjih, mobilnih napravah in povezanem domu. Ne glede na to, ali ljudem pomaga var\u010devati z energijo, u\u017eivati v bogatej\u0161ih razvedrilnih do\u017eivetjih ali uporabljati zmogljive funkcije umetne inteligence na \u0161e ve\u010d napravah, ostaja na\u0161 poudarek na tehnologiji, ki izbolj\u0161uje vsakdanje \u017eivljenje.\u00ab<\/p>\n\n\n\n<figure class=\"wp-block-image size-large\"><a href=\"https:\/\/tehnokrat.si\/wp-content\/uploads\/2026\/09\/Samsung-Micro-RGB-range-on-display-at-Samsung-Connect-at-Samsungs-IFA-2026-presentation-at-Humboldt-Carre-on-September-02-2026-in-Berlin-Germany.-Photo-by-Sebastian-Reuter-Getty-Images-for-Samsung.jpg\"><img loading=\"lazy\" decoding=\"async\" width=\"1024\" height=\"731\" src=\"https:\/\/tehnokrat.si\/wp-content\/uploads\/2026\/09\/Samsung-Micro-RGB-range-on-display-at-Samsung-Connect-at-Samsungs-IFA-2026-presentation-at-Humboldt-Carre-on-September-02-2026-in-Berlin-Germany.-Photo-by-Sebastian-Reuter-Getty-Images-for-Samsung-1024x731.jpg\" alt=\"\" class=\"wp-image-11968\" srcset=\"https:\/\/tehnokrat.si\/wp-content\/uploads\/2026\/09\/Samsung-Micro-RGB-range-on-display-at-Samsung-Connect-at-Samsungs-IFA-2026-presentation-at-Humboldt-Carre-on-September-02-2026-in-Berlin-Germany.-Photo-by-Sebastian-Reuter-Getty-Images-for-Samsung-1024x731.jpg 1024w, https:\/\/tehnokrat.si\/wp-content\/uploads\/2026\/09\/Samsung-Micro-RGB-range-on-display-at-Samsung-Connect-at-Samsungs-IFA-2026-presentation-at-Humboldt-Carre-on-September-02-2026-in-Berlin-Germany.-Photo-by-Sebastian-Reuter-Getty-Images-for-Samsung-300x214.jpg 300w, https:\/\/tehnokrat.si\/wp-content\/uploads\/2026\/09\/Samsung-Micro-RGB-range-on-display-at-Samsung-Connect-at-Samsungs-IFA-2026-presentation-at-Humboldt-Carre-on-September-02-2026-in-Berlin-Germany.-Photo-by-Sebastian-Reuter-Getty-Images-for-Samsung-768x548.jpg 768w, https:\/\/tehnokrat.si\/wp-content\/uploads\/2026\/09\/Samsung-Micro-RGB-range-on-display-at-Samsung-Connect-at-Samsungs-IFA-2026-presentation-at-Humboldt-Carre-on-September-02-2026-in-Berlin-Germany.-Photo-by-Sebastian-Reuter-Getty-Images-for-Samsung-1536x1096.jpg 1536w, https:\/\/tehnokrat.si\/wp-content\/uploads\/2026\/09\/Samsung-Micro-RGB-range-on-display-at-Samsung-Connect-at-Samsungs-IFA-2026-presentation-at-Humboldt-Carre-on-September-02-2026-in-Berlin-Germany.-Photo-by-Sebastian-Reuter-Getty-Images-for-Samsung-2048x1461.jpg 2048w\" sizes=\"auto, (max-width: 1024px) 100vw, 1024px\" \/><\/a><\/figure>\n\n\n\n<p class=\"wp-block-paragraph\"><strong>Samsung obele\u017euje 20 let na mestu vodilne svetovne znamke televizorjev<\/strong><br>Samsung \u017ee 20 let zapored ohranja polo\u017eaj vodilne svetovne znamke televizorjev. Na sejmu IFA bo predstavil najnovej\u0161i portfelj izdelkov in inovacije, s katerimi ohranja ta vodilni polo\u017eaj.<\/p>\n\n\n\n<p class=\"wp-block-paragraph\">Micro RGB prina\u0161a novo generacijo televizijske izku\u0161nje in pomeni velik napredek na podro\u010dju kakovosti slike. Z uporabo mikroskopskih rde\u010dih, zelenih in modrih diod LED zagotavlja izjemno natan\u010dnost barv, kontrasta in jasnosti.<\/p>\n\n\n\n<p class=\"wp-block-paragraph\">Spremljevalec Vision AI uporabnikom pomaga la\u017eje odkrivati vsebine in u\u017eivati v njih. Na voljo je v celotni Samsung ponudbi televizorjev za leto 2026, na televizorje pa prina\u0161a pogovorno umetno inteligenco, ki zagotavlja prilagojena priporo\u010dila in informacije glede na kontekst, ne da bi prekinila izku\u0161njo gledanja.<\/p>\n\n\n\n<p class=\"wp-block-paragraph\">Vodilno mesto podjetja Samsung ne temelji le na zagotavljanju izjemne izku\u0161nje gledanja, temve\u010d tudi na ekosistemu, ki sega onkraj zaslona. Z zdru\u017eevanjem vrhunske strojne opreme, inteligentne programske opreme in vsebin v eni povezani platformi Samsung \u0161e naprej izbolj\u0161uje razvedrilno izku\u0161njo skozi celotno \u017eivljenjsko dobo televizorja. Pomemben del te izku\u0161nje je storitev Samsung TV Plus, ki ima po vsem svetu \u017ee ve\u010d kot 100 milijonov mese\u010dno aktivnih uporabnikov.<\/p>\n\n\n\n<p class=\"wp-block-paragraph\"><strong>Prve tovrstne inovacije v industriji igralnih monitorjev<\/strong><\/p>\n\n\n\n<p class=\"wp-block-paragraph\">Samsung z najnovej\u0161im portfeljem igralnih monitorjev \u0161e naprej utrjuje vodilni polo\u017eaj na podro\u010dju zaslonov. Z vrsto prvih tovrstnih izdelkov v industriji premika meje igralne zmogljivosti in uporabnikom zagotavlja bolj poglobljeno ter odzivno igralno izku\u0161njo.<\/p>\n\n\n\n<p class=\"wp-block-paragraph\">Med njimi je Odyssey G75SJ, prvi 106,7-centimetrski (42-pal\u010dni) ukrivljeni igralni monitor OLED na svetu, ki na ve\u010djem zaslonu zagotavlja \u0161irok kinematografski pogled in kakovost slike 4K OLED. Odyssey G60H z diagonalo 67,5 centimetrov (27 palcev) je prvi monitor na svetu s frekvenco osve\u017eevanja 1.100 Hz, ki igralcem omogo\u010da hitrost, potrebno za samozavestno odzivanje, premikanje lastnih meja in tekmovanje na najvi\u0161ji ravni. Odyssey OLED G9 je prvi 123-centimetrski (49-pal\u010dni) igralni monitor DQHD na svetu s frekvenco osve\u017eevanja 360 Hz. Ponudbo zaokro\u017ea Odyssey OLED G8, 80-centimetrski (32-pal\u010dni) monitor UHD OLED, ki zdru\u017euje kakovost slike QD-OLED z najvi\u0161jo frekvenco osve\u017eevanja 360 Hz za hitro in teko\u010de igranje ter podporo za trojni na\u010din (Triple Mode).<\/p>\n\n\n\n<p class=\"wp-block-paragraph\"><strong>Gospodinjski aparati z umetno inteligenco, zasnovani za vsakdanje \u017eivljenje<\/strong><\/p>\n\n\n\n<p class=\"wp-block-paragraph\">Samsung je na sejmu IFA napovedal raz\u0161iritev ponudbe pralnih strojev Bespoke AI z novima modeloma z zmogljivostjo 10 in 13 kg, ki prina\u0161ata ve\u010djo energijsko u\u010dinkovitost, prostornost in priro\u010dnost. Novi 10-kilogramski model porabi do 70 % manj energije od minimalne zahteve za evropski razred energijske u\u010dinkovitosti A, medtem ko 13-kilogramski model s tehnologijo SpaceMax\u2122 zagotavlja ve\u010djo zmogljivost ob standardni evropski globini 600 mm.<\/p>\n\n\n\n<p class=\"wp-block-paragraph\">Samsung predstavlja tudi najnovej\u0161e posodobitve hladilnika Bespoke AI Family Hub, ki v dom prina\u0161ajo izbolj\u0161ano prepoznavanje \u017eivil z umetno inteligenco in bolj povezano izku\u0161njo v kuhinji.<\/p>\n\n\n\n<figure class=\"wp-block-image size-large\"><a href=\"https:\/\/tehnokrat.si\/wp-content\/uploads\/2026\/09\/New-A-70_-Bespoke-AI-Washer-showcased-at-Samsung-Connect-at-Samsungs-IFA-2026-presentation-at-Humboldt-Carre-on-September-02-2026-in-Berlin-Germany.-Photo-by-Sebastian-Reuter-Getty-Images-for-Samsung.jpg\"><img loading=\"lazy\" decoding=\"async\" width=\"1024\" height=\"730\" src=\"https:\/\/tehnokrat.si\/wp-content\/uploads\/2026\/09\/New-A-70_-Bespoke-AI-Washer-showcased-at-Samsung-Connect-at-Samsungs-IFA-2026-presentation-at-Humboldt-Carre-on-September-02-2026-in-Berlin-Germany.-Photo-by-Sebastian-Reuter-Getty-Images-for-Samsung-1024x730.jpg\" alt=\"\" class=\"wp-image-11966\" srcset=\"https:\/\/tehnokrat.si\/wp-content\/uploads\/2026\/09\/New-A-70_-Bespoke-AI-Washer-showcased-at-Samsung-Connect-at-Samsungs-IFA-2026-presentation-at-Humboldt-Carre-on-September-02-2026-in-Berlin-Germany.-Photo-by-Sebastian-Reuter-Getty-Images-for-Samsung-1024x730.jpg 1024w, https:\/\/tehnokrat.si\/wp-content\/uploads\/2026\/09\/New-A-70_-Bespoke-AI-Washer-showcased-at-Samsung-Connect-at-Samsungs-IFA-2026-presentation-at-Humboldt-Carre-on-September-02-2026-in-Berlin-Germany.-Photo-by-Sebastian-Reuter-Getty-Images-for-Samsung-300x214.jpg 300w, https:\/\/tehnokrat.si\/wp-content\/uploads\/2026\/09\/New-A-70_-Bespoke-AI-Washer-showcased-at-Samsung-Connect-at-Samsungs-IFA-2026-presentation-at-Humboldt-Carre-on-September-02-2026-in-Berlin-Germany.-Photo-by-Sebastian-Reuter-Getty-Images-for-Samsung-768x547.jpg 768w, https:\/\/tehnokrat.si\/wp-content\/uploads\/2026\/09\/New-A-70_-Bespoke-AI-Washer-showcased-at-Samsung-Connect-at-Samsungs-IFA-2026-presentation-at-Humboldt-Carre-on-September-02-2026-in-Berlin-Germany.-Photo-by-Sebastian-Reuter-Getty-Images-for-Samsung-1536x1095.jpg 1536w, https:\/\/tehnokrat.si\/wp-content\/uploads\/2026\/09\/New-A-70_-Bespoke-AI-Washer-showcased-at-Samsung-Connect-at-Samsungs-IFA-2026-presentation-at-Humboldt-Carre-on-September-02-2026-in-Berlin-Germany.-Photo-by-Sebastian-Reuter-Getty-Images-for-Samsung-2048x1460.jpg 2048w\" sizes=\"auto, (max-width: 1024px) 100vw, 1024px\" \/><\/a><\/figure>\n\n\n\n<p class=\"wp-block-paragraph\"><strong>Galaxy AI na voljo \u0161e ve\u010d uporabnikom<\/strong><\/p>\n\n\n\n<p class=\"wp-block-paragraph\">Na sejmu IFA Samsung obiskovalcem ponuja tudi prilo\u017enost, da preizkusijo nedavno predstavljeni pametni telefon Galaxy S26 FE. Kot prvi model iz serije Galaxy S26, ki je na voljo z uporabni\u0161kim vmesnikom One UI 9, Galaxy S26 FE zdru\u017euje napredne zmogljivosti kamere z najnovej\u0161imi funkcijami Galaxy AI.<\/p>\n\n\n\n<p class=\"wp-block-paragraph\">Galaxy S26 FE vklju\u010duje \u0161tevilne izku\u0161nje, podprte z umetno inteligenco, ki so na voljo v celotnem ekosistemu Galaxy. Tako lahko \u0161e ve\u010d uporabnikov izkoristi napredne funkcije umetne inteligence, med katerimi so fotografska izku\u0161nja na ravni premijskih naprav in inteligentna orodja za urejanje, prilagojena sodobnim na\u010dinom fotografiranja, ustvarjanja in komuniciranja.<\/p>\n\n\n\n<figure class=\"wp-block-image size-large\"><a href=\"https:\/\/tehnokrat.si\/wp-content\/uploads\/2026\/09\/Samsung-Marketing-Director-Eva-Schwab-at-IFA-2026.jpg\"><img loading=\"lazy\" decoding=\"async\" width=\"1024\" height=\"683\" src=\"https:\/\/tehnokrat.si\/wp-content\/uploads\/2026\/09\/Samsung-Marketing-Director-Eva-Schwab-at-IFA-2026-1024x683.jpg\" alt=\"\" class=\"wp-image-11967\" srcset=\"https:\/\/tehnokrat.si\/wp-content\/uploads\/2026\/09\/Samsung-Marketing-Director-Eva-Schwab-at-IFA-2026-1024x683.jpg 1024w, https:\/\/tehnokrat.si\/wp-content\/uploads\/2026\/09\/Samsung-Marketing-Director-Eva-Schwab-at-IFA-2026-300x200.jpg 300w, https:\/\/tehnokrat.si\/wp-content\/uploads\/2026\/09\/Samsung-Marketing-Director-Eva-Schwab-at-IFA-2026-768x512.jpg 768w, https:\/\/tehnokrat.si\/wp-content\/uploads\/2026\/09\/Samsung-Marketing-Director-Eva-Schwab-at-IFA-2026-1536x1024.jpg 1536w, https:\/\/tehnokrat.si\/wp-content\/uploads\/2026\/09\/Samsung-Marketing-Director-Eva-Schwab-at-IFA-2026-2048x1366.jpg 2048w, https:\/\/tehnokrat.si\/wp-content\/uploads\/2026\/09\/Samsung-Marketing-Director-Eva-Schwab-at-IFA-2026-600x400.jpg 600w\" sizes=\"auto, (max-width: 1024px) 100vw, 1024px\" \/><\/a><\/figure>\n","protected":false},"excerpt":{"rendered":"<p>Samsung je danes v novem poglobljenem razstavnem prostoru Samsung Connect v Humboldt Carr\u00e9ju v sredi\u0161\u010du Berlina pozdravil predstavnike medijev, vplivne\u017ee in partnerje, ki so se udele\u017eili sejma IFA 2026. Do\u017eivetje, ki je na voljo od 2. do 6. septembra, predstavlja Samsungovo vizijo \u00bbSopotnik za \u017eivljenje z umetno inteligenco\u00ab prek povezanih tehnologij, ki se naravno prilagajajo&#8230;<\/p>\n","protected":false},"author":1,"featured_media":11965,"comment_status":"open","ping_status":"open","sticky":false,"template":"","format":"standard","meta":{"_exactmetrics_skip_tracking":false,"footnotes":""},"categories":[6],"tags":[2469,437,3901,4644,6222,99,1074],"class_list":["post-11964","post","type-post","status-publish","format-standard","has-post-thumbnail","hentry","category-odtuintam","tag-ai","tag-berlin","tag-bespoke","tag-galaxy-ai","tag-ifa-2026","tag-samsung","tag-umetna-inteligenca"],"featured_image_urls":{"full":["https:\/\/tehnokrat.si\/wp-content\/uploads\/2026\/09\/Samsung-European-CMO-Benjamin-Braun-at-IFA-2026.jpg",2500,1667,false],"thumbnail":["https:\/\/tehnokrat.si\/wp-content\/uploads\/2026\/09\/Samsung-European-CMO-Benjamin-Braun-at-IFA-2026-150x150.jpg",150,150,true],"medium":["https:\/\/tehnokrat.si\/wp-content\/uploads\/2026\/09\/Samsung-European-CMO-Benjamin-Braun-at-IFA-2026-300x200.jpg",300,200,true],"medium_large":["https:\/\/tehnokrat.si\/wp-content\/uploads\/2026\/09\/Samsung-European-CMO-Benjamin-Braun-at-IFA-2026-768x512.jpg",640,427,true],"large":["https:\/\/tehnokrat.si\/wp-content\/uploads\/2026\/09\/Samsung-European-CMO-Benjamin-Braun-at-IFA-2026-1024x683.jpg",640,427,true],"1536x1536":["https:\/\/tehnokrat.si\/wp-content\/uploads\/2026\/09\/Samsung-European-CMO-Benjamin-Braun-at-IFA-2026-1536x1024.jpg",1536,1024,true],"2048x2048":["https:\/\/tehnokrat.si\/wp-content\/uploads\/2026\/09\/Samsung-European-CMO-Benjamin-Braun-at-IFA-2026-2048x1366.jpg",2048,1366,true],"online-newspaper-featured":["https:\/\/tehnokrat.si\/wp-content\/uploads\/2026\/09\/Samsung-European-CMO-Benjamin-Braun-at-IFA-2026-1020x700.jpg",1020,700,true],"online-newspaper-list":["https:\/\/tehnokrat.si\/wp-content\/uploads\/2026\/09\/Samsung-European-CMO-Benjamin-Braun-at-IFA-2026-600x400.jpg",600,400,true],"online-newspaper-thumb":["https:\/\/tehnokrat.si\/wp-content\/uploads\/2026\/09\/Samsung-European-CMO-Benjamin-Braun-at-IFA-2026-300x200.jpg",300,200,true],"online-newspaper-small":["https:\/\/tehnokrat.si\/wp-content\/uploads\/2026\/09\/Samsung-European-CMO-Benjamin-Braun-at-IFA-2026-150x95.jpg",150,95,true],"online-newspaper-grid":["https:\/\/tehnokrat.si\/wp-content\/uploads\/2026\/09\/Samsung-European-CMO-Benjamin-Braun-at-IFA-2026-400x250.jpg",400,250,true]},"author_info":{"display_name":"Miran","author_link":"https:\/\/tehnokrat.si\/?author=1"},"category_info":"<a href=\"https:\/\/tehnokrat.si\/?cat=6\" rel=\"category\">Od tu in tam<\/a>","tag_info":"Od tu in tam","comment_count":"0","_links":{"self":[{"href":"https:\/\/tehnokrat.si\/index.php?rest_route=\/wp\/v2\/posts\/11964","targetHints":{"allow":["GET"]}}],"collection":[{"href":"https:\/\/tehnokrat.si\/index.php?rest_route=\/wp\/v2\/posts"}],"about":[{"href":"https:\/\/tehnokrat.si\/index.php?rest_route=\/wp\/v2\/types\/post"}],"author":[{"embeddable":true,"href":"https:\/\/tehnokrat.si\/index.php?rest_route=\/wp\/v2\/users\/1"}],"replies":[{"embeddable":true,"href":"https:\/\/tehnokrat.si\/index.php?rest_route=%2Fwp%2Fv2%2Fcomments&post=11964"}],"version-history":[{"count":1,"href":"https:\/\/tehnokrat.si\/index.php?rest_route=\/wp\/v2\/posts\/11964\/revisions"}],"predecessor-version":[{"id":11969,"href":"https:\/\/tehnokrat.si\/index.php?rest_route=\/wp\/v2\/posts\/11964\/revisions\/11969"}],"wp:featuredmedia":[{"embeddable":true,"href":"https:\/\/tehnokrat.si\/index.php?rest_route=\/wp\/v2\/media\/11965"}],"wp:attachment":[{"href":"https:\/\/tehnokrat.si\/index.php?rest_route=%2Fwp%2Fv2%2Fmedia&parent=11964"}],"wp:term":[{"taxonomy":"category","embeddable":true,"href":"https:\/\/tehnokrat.si\/index.php?rest_route=%2Fwp%2Fv2%2Fcategories&post=11964"},{"taxonomy":"post_tag","embeddable":true,"href":"https:\/\/tehnokrat.si\/index.php?rest_route=%2Fwp%2Fv2%2Ftags&post=11964"}],"curies":[{"name":"wp","href":"https:\/\/api.w.org\/{rel}","templated":true}]}}