{"id":11955,"date":"2026-09-01T10:31:48","date_gmt":"2026-09-01T09:31:48","guid":{"rendered":"https:\/\/tehnokrat.si\/?p=11955"},"modified":"2026-09-01T10:31:48","modified_gmt":"2026-09-01T09:31:48","slug":"73-mladih-pri-nas-ze-uporablja-umetno-inteligenco","status":"publish","type":"post","link":"https:\/\/tehnokrat.si\/?p=11955","title":{"rendered":"73 % mladih pri nas \u017ee uporablja umetno inteligenco"},"content":{"rendered":"\n<p class=\"wp-block-paragraph\">Ob za\u010detku novega \u0161olskega leta podatki SURS ka\u017eejo, da generativno umetno inteligenco uporablja \u017ee 73 % mladih v Sloveniji, digitalna orodja pa vse bolj postajajo del njihovega u\u010denja, ustvarjanja, organizacije in prostega \u010dasa. September za mnoge pomeni vrnitev v \u0161olske klopi, na fakultete in v bolj strukturiran vsakdan. Z novimi urniki in obveznostmi pa se spreminja tudi vloga tehnologije, ki ni ve\u010d zgolj orodje za komunikacijo in zabavo, temve\u010d vse pogosteje pomaga pri u\u010denju, organizaciji in ustvarjanju.<\/p>\n\n\n\n<p class=\"wp-block-paragraph\">To potrjujejo tudi najnovej\u0161i podatki Statisti\u010dnega urada Republike Slovenije. V prvem \u010detrtletju 2025 je orodja generativne umetne inteligence (v nadaljevanju UI), kot so ChatGPT, Copilot, DeepL, Gemini in DALL-E, uporabljalo <strong>38 % prebivalcev Slovenije, starih med 16 in 74 let,<\/strong> kar je kar <strong>17 odstotnih to\u010dk ve\u010d kot leto prej<\/strong>. Med mladimi, starimi od 16 do 24 let, je bil dele\u017e kar 73 %.<\/p>\n\n\n\n<p class=\"wp-block-paragraph\">Generativna umetna inteligenca obenem postaja del razli\u010dnih podro\u010dij vsakdana. <strong>41 % uporabnikov jo uporablja pri delu, 24 % pa za formalno izobra\u017eevanje<\/strong>, kar ka\u017ee, da njena uporaba vse bolj presega zgolj zasebne namene. Prav vrnitev v \u0161olsko in delovno rutino zato ponuja prilo\u017enost za razmislek o \u0161ir\u0161i vlogi tehnologije.<\/p>\n\n\n\n<p class=\"wp-block-paragraph\"><strong>Pametni telefon kot sredi\u0161\u010de vsakodnevne rutine<\/strong><\/p>\n\n\n\n<p class=\"wp-block-paragraph\">Serija HONOR 600, ki vklju\u010duje modele HONOR 600 Pro, HONOR 600 in HONOR 600 Lite, je zasnovana za vsakodnevni tempo, od organizacije obveznosti do fotografiranja in ustvarjanja vsebin.<\/p>\n\n\n\n<p class=\"wp-block-paragraph\">Odvisno od modela uporabnikom ponuja razli\u010dna orodja umetne inteligence, zmogljive kamere, dolgo avtonomijo baterije in poudarek na vzdr\u017eljivosti. HONOR 600 Pro denimo z AI Image to Video 2.0 omogo\u010da pretvarjanje fotografij v kratke videoposnetke, AI Photos Agent pa urejanje fotografij z ukazi v naravnem jeziku.<\/p>\n\n\n\n<p class=\"wp-block-paragraph\"><strong>Ve\u010dji zaslon za u\u010denje in vsebine<\/strong><\/p>\n\n\n\n<p class=\"wp-block-paragraph\">Ko je za branje, pregledovanje gradiv ali spremljanje vsebin potreben ve\u010dji zaslon, svojo vlogo prevzame <strong>HONOR Pad X8b<\/strong>. Z 11-pal\u010dnim zaslonom HONOR Eye Comfort FullView ponuja ve\u010d prostora za zapiske, e-knjige, spletne vsebine in video, baterija s kapaciteto 10.100 mAh pa omogo\u010da dolgotrajno uporabo tudi skozi bolj natrpan dan. Tako lahko tablica uporabnika spremlja od u\u010denja in organizacije do sprostitve ob najljub\u0161ih vsebinah.<\/p>\n\n\n\n<figure class=\"wp-block-image size-large\"><a href=\"https:\/\/tehnokrat.si\/wp-content\/uploads\/2026\/09\/Tablica-HONOR-Pad-X8b-uporabnika-spremlja-od-ucenja-in-organizacije-do-sprostitve-ob-najljubsih-vsebinah-scaled.jpg\"><img loading=\"lazy\" decoding=\"async\" width=\"1024\" height=\"576\" src=\"https:\/\/tehnokrat.si\/wp-content\/uploads\/2026\/09\/Tablica-HONOR-Pad-X8b-uporabnika-spremlja-od-ucenja-in-organizacije-do-sprostitve-ob-najljubsih-vsebinah-1024x576.jpg\" alt=\"\" class=\"wp-image-11956\" srcset=\"https:\/\/tehnokrat.si\/wp-content\/uploads\/2026\/09\/Tablica-HONOR-Pad-X8b-uporabnika-spremlja-od-ucenja-in-organizacije-do-sprostitve-ob-najljubsih-vsebinah-1024x576.jpg 1024w, https:\/\/tehnokrat.si\/wp-content\/uploads\/2026\/09\/Tablica-HONOR-Pad-X8b-uporabnika-spremlja-od-ucenja-in-organizacije-do-sprostitve-ob-najljubsih-vsebinah-300x169.jpg 300w, https:\/\/tehnokrat.si\/wp-content\/uploads\/2026\/09\/Tablica-HONOR-Pad-X8b-uporabnika-spremlja-od-ucenja-in-organizacije-do-sprostitve-ob-najljubsih-vsebinah-768x432.jpg 768w, https:\/\/tehnokrat.si\/wp-content\/uploads\/2026\/09\/Tablica-HONOR-Pad-X8b-uporabnika-spremlja-od-ucenja-in-organizacije-do-sprostitve-ob-najljubsih-vsebinah-1536x864.jpg 1536w, https:\/\/tehnokrat.si\/wp-content\/uploads\/2026\/09\/Tablica-HONOR-Pad-X8b-uporabnika-spremlja-od-ucenja-in-organizacije-do-sprostitve-ob-najljubsih-vsebinah-2048x1152.jpg 2048w\" sizes=\"auto, (max-width: 1024px) 100vw, 1024px\" \/><\/a><\/figure>\n\n\n\n<p class=\"wp-block-paragraph\"><strong>Ve\u010derni odklop na velikem zaslonu<\/strong><\/p>\n\n\n\n<p class=\"wp-block-paragraph\">Po koncu dnevnih obveznosti tehnologija dobi druga\u010dno vlogo. <strong>HONOR CHOICE Air Pro Projector<\/strong> lahko prostor spremeni v doma\u010di kino za film, serijo ali ve\u010der s prijatelji. Prenosni projektor podpira izvorno lo\u010dljivost 1080p in ima vgrajeno aplikacijo Netflix, zaradi kompaktne zasnove pa ga je mogo\u010de preprosto uporabljati v razli\u010dnih prostorih.<\/p>\n\n\n\n<p class=\"wp-block-paragraph\"><strong>Nazaj v \u0161olo \u2013 in nazaj v rutino<\/strong><\/p>\n\n\n\n<p class=\"wp-block-paragraph\">Za\u010detek \u0161olskega leta ne spreminja ritma le u\u010dencem in \u0161tudentom, temve\u010d celotnim gospodinjstvom. Ob tem tehnologija postaja vse bolj povezan del vsakdana \u2013 pomaga pri organizaciji, u\u010denju in ustvarjanju, po koncu obveznosti pa tudi pri sprostitvi.<\/p>\n\n\n\n<p class=\"wp-block-paragraph\">Z napravami, kot so serija HONOR 600, HONOR Pad X8b in HONOR CHOICE Air Pro Projector, HONOR nagovarja prav tak\u0161en vsakdan: ve\u010d razli\u010dnih potreb in tehnologija, ki se jim prilagaja.<\/p>\n\n\n\n<figure class=\"wp-block-image size-large\"><a href=\"https:\/\/tehnokrat.si\/wp-content\/uploads\/2026\/09\/HONOR-CHOICE-Air-Pro-Projector-lahko-prostor-spremeni-v-domaci-kino-za-film-serijo-ali-vecer-s-prijatelji-scaled.jpg\"><img loading=\"lazy\" decoding=\"async\" width=\"1024\" height=\"453\" src=\"https:\/\/tehnokrat.si\/wp-content\/uploads\/2026\/09\/HONOR-CHOICE-Air-Pro-Projector-lahko-prostor-spremeni-v-domaci-kino-za-film-serijo-ali-vecer-s-prijatelji-1024x453.jpg\" alt=\"\" class=\"wp-image-11957\" srcset=\"https:\/\/tehnokrat.si\/wp-content\/uploads\/2026\/09\/HONOR-CHOICE-Air-Pro-Projector-lahko-prostor-spremeni-v-domaci-kino-za-film-serijo-ali-vecer-s-prijatelji-1024x453.jpg 1024w, https:\/\/tehnokrat.si\/wp-content\/uploads\/2026\/09\/HONOR-CHOICE-Air-Pro-Projector-lahko-prostor-spremeni-v-domaci-kino-za-film-serijo-ali-vecer-s-prijatelji-300x133.jpg 300w, https:\/\/tehnokrat.si\/wp-content\/uploads\/2026\/09\/HONOR-CHOICE-Air-Pro-Projector-lahko-prostor-spremeni-v-domaci-kino-za-film-serijo-ali-vecer-s-prijatelji-768x340.jpg 768w, https:\/\/tehnokrat.si\/wp-content\/uploads\/2026\/09\/HONOR-CHOICE-Air-Pro-Projector-lahko-prostor-spremeni-v-domaci-kino-za-film-serijo-ali-vecer-s-prijatelji-1536x680.jpg 1536w, https:\/\/tehnokrat.si\/wp-content\/uploads\/2026\/09\/HONOR-CHOICE-Air-Pro-Projector-lahko-prostor-spremeni-v-domaci-kino-za-film-serijo-ali-vecer-s-prijatelji-2048x907.jpg 2048w\" sizes=\"auto, (max-width: 1024px) 100vw, 1024px\" \/><\/a><\/figure>\n","protected":false},"excerpt":{"rendered":"<p>Ob za\u010detku novega \u0161olskega leta podatki SURS ka\u017eejo, da generativno umetno inteligenco uporablja \u017ee 73 % mladih v Sloveniji, digitalna orodja pa vse bolj postajajo del njihovega u\u010denja, ustvarjanja, organizacije in prostega \u010dasa. September za mnoge pomeni vrnitev v \u0161olske klopi, na fakultete in v bolj strukturiran vsakdan. Z novimi urniki in obveznostmi pa se&#8230;<\/p>\n","protected":false},"author":1,"featured_media":11958,"comment_status":"open","ping_status":"open","sticky":false,"template":"","format":"standard","meta":{"_exactmetrics_skip_tracking":false,"footnotes":""},"categories":[6],"tags":[4528,1674,471,34,6337,1074],"class_list":["post-11955","post","type-post","status-publish","format-standard","has-post-thumbnail","hentry","category-odtuintam","tag-generativna-umetna-inteligenca","tag-honor","tag-mladi","tag-raziskava","tag-surs","tag-umetna-inteligenca"],"featured_image_urls":{"full":["https:\/\/tehnokrat.si\/wp-content\/uploads\/2026\/09\/Podatki-SURS-kazejo-da-generativno-umetno-inteligenco-uporablja-ze-73-_-mladih-v-Sloveniji-scaled.jpg",2560,1703,false],"thumbnail":["https:\/\/tehnokrat.si\/wp-content\/uploads\/2026\/09\/Podatki-SURS-kazejo-da-generativno-umetno-inteligenco-uporablja-ze-73-_-mladih-v-Sloveniji-150x150.jpg",150,150,true],"medium":["https:\/\/tehnokrat.si\/wp-content\/uploads\/2026\/09\/Podatki-SURS-kazejo-da-generativno-umetno-inteligenco-uporablja-ze-73-_-mladih-v-Sloveniji-300x200.jpg",300,200,true],"medium_large":["https:\/\/tehnokrat.si\/wp-content\/uploads\/2026\/09\/Podatki-SURS-kazejo-da-generativno-umetno-inteligenco-uporablja-ze-73-_-mladih-v-Sloveniji-768x511.jpg",640,426,true],"large":["https:\/\/tehnokrat.si\/wp-content\/uploads\/2026\/09\/Podatki-SURS-kazejo-da-generativno-umetno-inteligenco-uporablja-ze-73-_-mladih-v-Sloveniji-1024x681.jpg",640,426,true],"1536x1536":["https:\/\/tehnokrat.si\/wp-content\/uploads\/2026\/09\/Podatki-SURS-kazejo-da-generativno-umetno-inteligenco-uporablja-ze-73-_-mladih-v-Sloveniji-1536x1022.jpg",1536,1022,true],"2048x2048":["https:\/\/tehnokrat.si\/wp-content\/uploads\/2026\/09\/Podatki-SURS-kazejo-da-generativno-umetno-inteligenco-uporablja-ze-73-_-mladih-v-Sloveniji-2048x1363.jpg",2048,1363,true],"online-newspaper-featured":["https:\/\/tehnokrat.si\/wp-content\/uploads\/2026\/09\/Podatki-SURS-kazejo-da-generativno-umetno-inteligenco-uporablja-ze-73-_-mladih-v-Sloveniji-1020x700.jpg",1020,700,true],"online-newspaper-list":["https:\/\/tehnokrat.si\/wp-content\/uploads\/2026\/09\/Podatki-SURS-kazejo-da-generativno-umetno-inteligenco-uporablja-ze-73-_-mladih-v-Sloveniji-600x400.jpg",600,400,true],"online-newspaper-thumb":["https:\/\/tehnokrat.si\/wp-content\/uploads\/2026\/09\/Podatki-SURS-kazejo-da-generativno-umetno-inteligenco-uporablja-ze-73-_-mladih-v-Sloveniji-300x200.jpg",300,200,true],"online-newspaper-small":["https:\/\/tehnokrat.si\/wp-content\/uploads\/2026\/09\/Podatki-SURS-kazejo-da-generativno-umetno-inteligenco-uporablja-ze-73-_-mladih-v-Sloveniji-150x95.jpg",150,95,true],"online-newspaper-grid":["https:\/\/tehnokrat.si\/wp-content\/uploads\/2026\/09\/Podatki-SURS-kazejo-da-generativno-umetno-inteligenco-uporablja-ze-73-_-mladih-v-Sloveniji-400x250.jpg",400,250,true]},"author_info":{"display_name":"Miran","author_link":"https:\/\/tehnokrat.si\/?author=1"},"category_info":"<a href=\"https:\/\/tehnokrat.si\/?cat=6\" rel=\"category\">Od tu in tam<\/a>","tag_info":"Od tu in tam","comment_count":"0","_links":{"self":[{"href":"https:\/\/tehnokrat.si\/index.php?rest_route=\/wp\/v2\/posts\/11955","targetHints":{"allow":["GET"]}}],"collection":[{"href":"https:\/\/tehnokrat.si\/index.php?rest_route=\/wp\/v2\/posts"}],"about":[{"href":"https:\/\/tehnokrat.si\/index.php?rest_route=\/wp\/v2\/types\/post"}],"author":[{"embeddable":true,"href":"https:\/\/tehnokrat.si\/index.php?rest_route=\/wp\/v2\/users\/1"}],"replies":[{"embeddable":true,"href":"https:\/\/tehnokrat.si\/index.php?rest_route=%2Fwp%2Fv2%2Fcomments&post=11955"}],"version-history":[{"count":1,"href":"https:\/\/tehnokrat.si\/index.php?rest_route=\/wp\/v2\/posts\/11955\/revisions"}],"predecessor-version":[{"id":11959,"href":"https:\/\/tehnokrat.si\/index.php?rest_route=\/wp\/v2\/posts\/11955\/revisions\/11959"}],"wp:featuredmedia":[{"embeddable":true,"href":"https:\/\/tehnokrat.si\/index.php?rest_route=\/wp\/v2\/media\/11958"}],"wp:attachment":[{"href":"https:\/\/tehnokrat.si\/index.php?rest_route=%2Fwp%2Fv2%2Fmedia&parent=11955"}],"wp:term":[{"taxonomy":"category","embeddable":true,"href":"https:\/\/tehnokrat.si\/index.php?rest_route=%2Fwp%2Fv2%2Fcategories&post=11955"},{"taxonomy":"post_tag","embeddable":true,"href":"https:\/\/tehnokrat.si\/index.php?rest_route=%2Fwp%2Fv2%2Ftags&post=11955"}],"curies":[{"name":"wp","href":"https:\/\/api.w.org\/{rel}","templated":true}]}}