{"id":10601,"date":"2026-01-28T12:42:56","date_gmt":"2026-01-28T11:42:56","guid":{"rendered":"https:\/\/tehnokrat.si\/?p=10601"},"modified":"2026-01-29T13:07:21","modified_gmt":"2026-01-29T12:07:21","slug":"simfonija-elektrotehnike-2026","status":"publish","type":"post","link":"https:\/\/tehnokrat.si\/?p=10601","title":{"rendered":"Simfonija Elektrotehnike+ 2026"},"content":{"rendered":"\n<p>Na Fakulteti za elektrotehniko Univerze v Ljubljani je potekal zdaj \u017ee tradicionalni letni poslovni dogodek \u2013 Simfonija elektrotehnike+ 2026. Fakulteta z dogodkom, ki je namenjen povezovanju predstavnikov gospodarstva, strokovnih zdru\u017eenj in raziskovalne sfere, odpira prostor za dialog in soustvarjanje re\u0161itev za dana\u0161nje izzive trga dela ter pomaga pri razvoju kompetenc za prihodnost. Osrednja tema leto\u0161njega dogodka je bila vse\u017eivljenjsko u\u010denje in mikrodokazila ter prenos znanja kot nujna nalo\u017eba, ki zahteva skupno vizijo in sodelovanje partnerjev.<\/p>\n\n\n\n<p>Kot je v uvodnem nagovoru izpostavil <strong>dekan Fakultete za elektrotehniko, prof. dr. Marko Topi\u010d, <\/strong>se znanje na podro\u010dju in\u017eenirstva izjemno hitro spreminja in nadgrajuje, zato je vse\u017eivljenjsko u\u010denje nujno. <em>\u00bbPrav zato smo se zlahka odlo\u010dili, da je to tema, ki si zaslu\u017ei posebno pozornost. Hkrati pa bomo danes osvetlili tudi novost \u2013 mikrodokazila.\u00ab<\/em><\/p>\n\n\n\n<figure class=\"wp-block-image size-large\"><a href=\"https:\/\/tehnokrat.si\/wp-content\/uploads\/2026\/01\/Uvodni-govor-dekana-Fakultete-za-elektrotehniko-prof.-dr.-Marka-Topica-Foto_UL-FE.jpg\"><img loading=\"lazy\" decoding=\"async\" width=\"1024\" height=\"576\" src=\"https:\/\/tehnokrat.si\/wp-content\/uploads\/2026\/01\/Uvodni-govor-dekana-Fakultete-za-elektrotehniko-prof.-dr.-Marka-Topica-Foto_UL-FE-1024x576.jpg\" alt=\"\" class=\"wp-image-10603\" srcset=\"https:\/\/tehnokrat.si\/wp-content\/uploads\/2026\/01\/Uvodni-govor-dekana-Fakultete-za-elektrotehniko-prof.-dr.-Marka-Topica-Foto_UL-FE-1024x576.jpg 1024w, https:\/\/tehnokrat.si\/wp-content\/uploads\/2026\/01\/Uvodni-govor-dekana-Fakultete-za-elektrotehniko-prof.-dr.-Marka-Topica-Foto_UL-FE-300x169.jpg 300w, https:\/\/tehnokrat.si\/wp-content\/uploads\/2026\/01\/Uvodni-govor-dekana-Fakultete-za-elektrotehniko-prof.-dr.-Marka-Topica-Foto_UL-FE-768x432.jpg 768w, https:\/\/tehnokrat.si\/wp-content\/uploads\/2026\/01\/Uvodni-govor-dekana-Fakultete-za-elektrotehniko-prof.-dr.-Marka-Topica-Foto_UL-FE-1536x864.jpg 1536w, https:\/\/tehnokrat.si\/wp-content\/uploads\/2026\/01\/Uvodni-govor-dekana-Fakultete-za-elektrotehniko-prof.-dr.-Marka-Topica-Foto_UL-FE-1280x720.jpg 1280w, https:\/\/tehnokrat.si\/wp-content\/uploads\/2026\/01\/Uvodni-govor-dekana-Fakultete-za-elektrotehniko-prof.-dr.-Marka-Topica-Foto_UL-FE.jpg 2048w\" sizes=\"auto, (max-width: 1024px) 100vw, 1024px\" \/><\/a><\/figure>\n\n\n\n<p><strong>Znanje kot strate\u0161ka nalo\u017eba za posameznika in podjetje<\/strong><\/p>\n\n\n\n<p>V Sloveniji se gospodarstvo soo\u010da z izrazitim pomanjkanjem in\u017eenirskih kadrov. Hkrati pa se in\u017eenirska podro\u010dja razvijajo izjemno hitro, zato klasi\u010dni izobra\u017eevalni cikli pogosto ne sledijo ve\u010d potrebam gospodarstva. Na Fakulteti za elektrotehniko se zavedajo, da redni \u0161tudijski programi te vrzeli ne morejo zapolniti, zato potrebe trga naslavljajo tudi s ciljno usmerjenimi usposabljanji, ki so prilagojeni potrebam podjetij.<\/p>\n\n\n\n<p>Novost na tem podro\u010dju so mikrodokazila kot javna listina, ki zagotavljajo zapis preverjenih u\u010dnih izidov, specifi\u010dnih znanj, spretnosti in kompetenc, ki jih je posameznik dosegel z u\u010denjem manj\u0161ega obsega. Univerza v Ljubljani pa je s pilotnim projektom ULTRA med vodilnimi v Evropi na tem podro\u010dju. To je poudaril tudi <strong>m<\/strong><strong>inister za visoko \u0161olstvo znanost in inovacije, biv\u0161i rektor ter profesor na Fakulteti za elektrotehniko, prof. dr. Igor Papi\u010d<\/strong>: <em>\u00bbSlovenija je med prvimi dr\u017eavami v Evropi, ki je vzpostavila delujo\u010d sistem mikrodokazil.<\/em> <em>Njihov glavni namen je, da gospodarstvo predlaga vsebine dodatnega izobra\u017eevanja, nato pa fakulteta na dolo\u010denem podro\u010dju pripravi kraj\u0161a, ciljno usmerjena izobra\u017eevanja.\u00ab<\/em><\/p>\n\n\n\n<p>Prvi program z mikrodokazilom na temo kibernetske varnosti, ki so ga v sodelovanju s Poveljni\u0161ko \u0161tabno enoto (MORS) razvili in izvedli na Fakulteti za elektrotehniko, je prilagojen potrebam bodo\u010dih \u010dastnikov in strate\u0161kim ciljem organizacije. Na tak na\u010din pa pripravijo tudi druge prilagojene programe za podjetja in institucije.<\/p>\n\n\n\n<p>Kot je na dogodku na kratkem predavanju poudaril <strong>predstojnik Laboratorija za telekomunikacije prof. dr. Andrej Kos<\/strong>, je v \u010dasu pomanjkanja kadrov in hitrih tehnolo\u0161kih sprememb znanje pomembna strate\u0161ka nalo\u017eba. <em>\u00bbUresni\u010dujejo se namre\u010d napovedi o pomanjkanju kadrov, staranju prebivalstva, demografski luknji ter prihodu novih generacij z druga\u010dnimi pri\u010dakovanji. Elektrotehnika in sorodne panoge se razvijajo izjemno hitro, medtem ko tradicionalni izobra\u017eevalni koncepti in cikli ne dohajajo sprememb. Mikrodokazila predstavljajo strukturiran in vklju\u010dujo\u010d odziv na te izzive, podprt na ravni EU. Niso samo projekt univerze, temve\u010d prilo\u017enost za podjetja, organizacije in posameznike, da skupaj pove\u010damo konkuren\u010dnost.\u00ab<\/em><\/p>\n\n\n\n<figure class=\"wp-block-image size-large\"><a href=\"https:\/\/tehnokrat.si\/wp-content\/uploads\/2026\/01\/Predstojnik-Laboratorija-za-telekomunikacije-prof.-dr.-Andrej-Kos-je-predstavil-mikrodokazila-Foto_UL-FE.jpg\"><img loading=\"lazy\" decoding=\"async\" width=\"1024\" height=\"576\" src=\"https:\/\/tehnokrat.si\/wp-content\/uploads\/2026\/01\/Predstojnik-Laboratorija-za-telekomunikacije-prof.-dr.-Andrej-Kos-je-predstavil-mikrodokazila-Foto_UL-FE-1024x576.jpg\" alt=\"\" class=\"wp-image-10604\" srcset=\"https:\/\/tehnokrat.si\/wp-content\/uploads\/2026\/01\/Predstojnik-Laboratorija-za-telekomunikacije-prof.-dr.-Andrej-Kos-je-predstavil-mikrodokazila-Foto_UL-FE-1024x576.jpg 1024w, https:\/\/tehnokrat.si\/wp-content\/uploads\/2026\/01\/Predstojnik-Laboratorija-za-telekomunikacije-prof.-dr.-Andrej-Kos-je-predstavil-mikrodokazila-Foto_UL-FE-300x169.jpg 300w, https:\/\/tehnokrat.si\/wp-content\/uploads\/2026\/01\/Predstojnik-Laboratorija-za-telekomunikacije-prof.-dr.-Andrej-Kos-je-predstavil-mikrodokazila-Foto_UL-FE-768x432.jpg 768w, https:\/\/tehnokrat.si\/wp-content\/uploads\/2026\/01\/Predstojnik-Laboratorija-za-telekomunikacije-prof.-dr.-Andrej-Kos-je-predstavil-mikrodokazila-Foto_UL-FE-1536x864.jpg 1536w, https:\/\/tehnokrat.si\/wp-content\/uploads\/2026\/01\/Predstojnik-Laboratorija-za-telekomunikacije-prof.-dr.-Andrej-Kos-je-predstavil-mikrodokazila-Foto_UL-FE-1280x720.jpg 1280w, https:\/\/tehnokrat.si\/wp-content\/uploads\/2026\/01\/Predstojnik-Laboratorija-za-telekomunikacije-prof.-dr.-Andrej-Kos-je-predstavil-mikrodokazila-Foto_UL-FE.jpg 2048w\" sizes=\"auto, (max-width: 1024px) 100vw, 1024px\" \/><\/a><\/figure>\n\n\n\n<p><strong>Potreba po dvosmerni komunikaciji in prenosu znanja<\/strong><\/p>\n\n\n\n<p>Na temo vse\u017eivljenjskega u\u010denja in mikrodokazil ter prenosa znanja je potekala tudi okrogla miza, ki jo je vodil <strong>prof. dr. Andrej Kos<\/strong>, z naslovom <em>Znanje kot nalo\u017eba, <\/em>na kateri so svoje poglede in izku\u0161nje delili <strong>prof. dr. Ksenija Vidmar Horvat<\/strong>, prorektorica Univerze v Ljubljani za \u0161tudijske in \u0161tudentske zadeve, <strong>Gordana Kisilak<\/strong>, direktorica Zbornice osrednjeslovenske regije pri Gospodarski zbornici Slovenije, <strong>mag. Vesna Prodnik<\/strong>, \u010dlanica uprave Telekoma Slovenije in <strong>dr. Miha Bobi\u010d<\/strong>, ki je v podjetju Danfoss A\/S odgovoren za poslovno enoto Komercialne zgradbe. Strinjali so se, da je klju\u010dnega pomena sistemati\u010dna in redna dvosmerna komunikacija med podjetji in univerzo. Le na ta na\u010din lahko nastajajo programi vse\u017eivljenjskega u\u010denja, prilagojeni dejanskim potrebam gospodarstva, kar krepi prenos znanja ter dolgoro\u010dna partnerstva. Znanje je nalo\u017eba, vse\u017eivljenjsko u\u010denje nuja, mikrodokazila pa prilo\u017enost za sodelovanje in soustvarjanje.<\/p>\n\n\n\n<figure class=\"wp-block-image size-large\"><a href=\"https:\/\/tehnokrat.si\/wp-content\/uploads\/2026\/01\/Okrogla-miza-Znanje-kot-nalozba-z-zanimivimi-gosti-Foto_UL-FE.jpg\"><img loading=\"lazy\" decoding=\"async\" width=\"1024\" height=\"576\" src=\"https:\/\/tehnokrat.si\/wp-content\/uploads\/2026\/01\/Okrogla-miza-Znanje-kot-nalozba-z-zanimivimi-gosti-Foto_UL-FE-1024x576.jpg\" alt=\"\" class=\"wp-image-10605\" srcset=\"https:\/\/tehnokrat.si\/wp-content\/uploads\/2026\/01\/Okrogla-miza-Znanje-kot-nalozba-z-zanimivimi-gosti-Foto_UL-FE-1024x576.jpg 1024w, https:\/\/tehnokrat.si\/wp-content\/uploads\/2026\/01\/Okrogla-miza-Znanje-kot-nalozba-z-zanimivimi-gosti-Foto_UL-FE-300x169.jpg 300w, https:\/\/tehnokrat.si\/wp-content\/uploads\/2026\/01\/Okrogla-miza-Znanje-kot-nalozba-z-zanimivimi-gosti-Foto_UL-FE-768x432.jpg 768w, https:\/\/tehnokrat.si\/wp-content\/uploads\/2026\/01\/Okrogla-miza-Znanje-kot-nalozba-z-zanimivimi-gosti-Foto_UL-FE-1536x864.jpg 1536w, https:\/\/tehnokrat.si\/wp-content\/uploads\/2026\/01\/Okrogla-miza-Znanje-kot-nalozba-z-zanimivimi-gosti-Foto_UL-FE-1280x720.jpg 1280w, https:\/\/tehnokrat.si\/wp-content\/uploads\/2026\/01\/Okrogla-miza-Znanje-kot-nalozba-z-zanimivimi-gosti-Foto_UL-FE.jpg 2048w\" sizes=\"auto, (max-width: 1024px) 100vw, 1024px\" \/><\/a><\/figure>\n","protected":false},"excerpt":{"rendered":"<p>Na Fakulteti za elektrotehniko Univerze v Ljubljani je potekal zdaj \u017ee tradicionalni letni poslovni dogodek&#8230;<\/p>\n","protected":false},"author":1,"featured_media":10602,"comment_status":"open","ping_status":"open","sticky":false,"template":"","format":"standard","meta":{"_exactmetrics_skip_tracking":false,"_exactmetrics_sitenote_active":false,"_exactmetrics_sitenote_note":"","_exactmetrics_sitenote_category":0,"footnotes":""},"categories":[6],"tags":[4999,5951,3025,5950,4997,5952,3581],"class_list":["post-10601","post","type-post","status-publish","format-standard","has-post-thumbnail","hentry","category-odtuintam","tag-fakulteta-za-elektrotehniko","tag-mikrodokazila","tag-nalozbe","tag-simfonija-elektrotehnike","tag-univerza-v-ljubljani","tag-vsezivljenjsko-ucenje","tag-znanje"],"featured_image_urls":{"full":["https:\/\/tehnokrat.si\/wp-content\/uploads\/2026\/01\/Zbrane-je-nagovoril-tudi-minister-za-visoko-solstvo-znanost-in-inovacije-bivsi-rektor-ter-profesor-na-Fakulteti-za-elektrotehniko-prof.-dr.-Igor-Papic-Foto_UL-FE.jpg",2048,1152,false],"thumbnail":["https:\/\/tehnokrat.si\/wp-content\/uploads\/2026\/01\/Zbrane-je-nagovoril-tudi-minister-za-visoko-solstvo-znanost-in-inovacije-bivsi-rektor-ter-profesor-na-Fakulteti-za-elektrotehniko-prof.-dr.-Igor-Papic-Foto_UL-FE-150x150.jpg",150,150,true],"medium":["https:\/\/tehnokrat.si\/wp-content\/uploads\/2026\/01\/Zbrane-je-nagovoril-tudi-minister-za-visoko-solstvo-znanost-in-inovacije-bivsi-rektor-ter-profesor-na-Fakulteti-za-elektrotehniko-prof.-dr.-Igor-Papic-Foto_UL-FE-300x169.jpg",300,169,true],"medium_large":["https:\/\/tehnokrat.si\/wp-content\/uploads\/2026\/01\/Zbrane-je-nagovoril-tudi-minister-za-visoko-solstvo-znanost-in-inovacije-bivsi-rektor-ter-profesor-na-Fakulteti-za-elektrotehniko-prof.-dr.-Igor-Papic-Foto_UL-FE-768x432.jpg",640,360,true],"large":["https:\/\/tehnokrat.si\/wp-content\/uploads\/2026\/01\/Zbrane-je-nagovoril-tudi-minister-za-visoko-solstvo-znanost-in-inovacije-bivsi-rektor-ter-profesor-na-Fakulteti-za-elektrotehniko-prof.-dr.-Igor-Papic-Foto_UL-FE-1024x576.jpg",640,360,true],"1536x1536":["https:\/\/tehnokrat.si\/wp-content\/uploads\/2026\/01\/Zbrane-je-nagovoril-tudi-minister-za-visoko-solstvo-znanost-in-inovacije-bivsi-rektor-ter-profesor-na-Fakulteti-za-elektrotehniko-prof.-dr.-Igor-Papic-Foto_UL-FE-1536x864.jpg",1536,864,true],"2048x2048":["https:\/\/tehnokrat.si\/wp-content\/uploads\/2026\/01\/Zbrane-je-nagovoril-tudi-minister-za-visoko-solstvo-znanost-in-inovacije-bivsi-rektor-ter-profesor-na-Fakulteti-za-elektrotehniko-prof.-dr.-Igor-Papic-Foto_UL-FE.jpg",2048,1152,false],"newsphere-slider-full":["https:\/\/tehnokrat.si\/wp-content\/uploads\/2026\/01\/Zbrane-je-nagovoril-tudi-minister-za-visoko-solstvo-znanost-in-inovacije-bivsi-rektor-ter-profesor-na-Fakulteti-za-elektrotehniko-prof.-dr.-Igor-Papic-Foto_UL-FE-1280x720.jpg",1280,720,true],"newsphere-featured":["https:\/\/tehnokrat.si\/wp-content\/uploads\/2026\/01\/Zbrane-je-nagovoril-tudi-minister-za-visoko-solstvo-znanost-in-inovacije-bivsi-rektor-ter-profesor-na-Fakulteti-za-elektrotehniko-prof.-dr.-Igor-Papic-Foto_UL-FE-1024x576.jpg",1024,576,true],"newsphere-medium":["https:\/\/tehnokrat.si\/wp-content\/uploads\/2026\/01\/Zbrane-je-nagovoril-tudi-minister-za-visoko-solstvo-znanost-in-inovacije-bivsi-rektor-ter-profesor-na-Fakulteti-za-elektrotehniko-prof.-dr.-Igor-Papic-Foto_UL-FE-720x380.jpg",720,380,true]},"author_info":{"display_name":"Miran","author_link":"https:\/\/tehnokrat.si\/?author=1"},"category_info":"<a href=\"https:\/\/tehnokrat.si\/?cat=6\" rel=\"category\">Od tu in tam<\/a>","tag_info":"Od tu in tam","comment_count":"0","_links":{"self":[{"href":"https:\/\/tehnokrat.si\/index.php?rest_route=\/wp\/v2\/posts\/10601","targetHints":{"allow":["GET"]}}],"collection":[{"href":"https:\/\/tehnokrat.si\/index.php?rest_route=\/wp\/v2\/posts"}],"about":[{"href":"https:\/\/tehnokrat.si\/index.php?rest_route=\/wp\/v2\/types\/post"}],"author":[{"embeddable":true,"href":"https:\/\/tehnokrat.si\/index.php?rest_route=\/wp\/v2\/users\/1"}],"replies":[{"embeddable":true,"href":"https:\/\/tehnokrat.si\/index.php?rest_route=%2Fwp%2Fv2%2Fcomments&post=10601"}],"version-history":[{"count":1,"href":"https:\/\/tehnokrat.si\/index.php?rest_route=\/wp\/v2\/posts\/10601\/revisions"}],"predecessor-version":[{"id":10606,"href":"https:\/\/tehnokrat.si\/index.php?rest_route=\/wp\/v2\/posts\/10601\/revisions\/10606"}],"wp:featuredmedia":[{"embeddable":true,"href":"https:\/\/tehnokrat.si\/index.php?rest_route=\/wp\/v2\/media\/10602"}],"wp:attachment":[{"href":"https:\/\/tehnokrat.si\/index.php?rest_route=%2Fwp%2Fv2%2Fmedia&parent=10601"}],"wp:term":[{"taxonomy":"category","embeddable":true,"href":"https:\/\/tehnokrat.si\/index.php?rest_route=%2Fwp%2Fv2%2Fcategories&post=10601"},{"taxonomy":"post_tag","embeddable":true,"href":"https:\/\/tehnokrat.si\/index.php?rest_route=%2Fwp%2Fv2%2Ftags&post=10601"}],"curies":[{"name":"wp","href":"https:\/\/api.w.org\/{rel}","templated":true}]}}