{"id":10552,"date":"2026-01-20T20:07:00","date_gmt":"2026-01-20T19:07:00","guid":{"rendered":"https:\/\/tehnokrat.si\/?p=10552"},"modified":"2026-01-21T12:11:15","modified_gmt":"2026-01-21T11:11:15","slug":"eva-pirc-inzenirka-leta-2025-ima-domisljijo","status":"publish","type":"post","link":"https:\/\/tehnokrat.si\/?p=10552","title":{"rendered":"Eva Pirc, in\u017eenirka leta 2025, ima domi\u0161ljijo"},"content":{"rendered":"\n<p>Prejemnica naziva in\u017eenirka leta 2025 je dr. Eva Pirc, razvojna in\u017eenirka v podjetju Dewesoft. Na slavnostni razglasitvi In\u017eenirka leta 2025 so zbrane v Cankarjevem domu nagovorili predsednica RS dr. Nata\u0161a Pirc Musar, minister za visoko \u0161olstvo, znanost in inovacije dr. Igor Papi\u010d ter ministrica za digitalno preobrazbo mag. Ksenija Klampfer.<\/p>\n\n\n\n<p>V sredi\u0161\u010de izbora organizatorji postavljajo odliko ali potencial izbrane in\u017eenirke leta, da je zgled in navdih mlaj\u0161im generacijam deklet. To so letos prepoznali v <strong>dr.<\/strong> <strong>Evi Pirc<\/strong>: \u00bb<em>Eva je vzor, da ustvarjalni duh v in\u017eenirstvu ne le obstaja, temve\u010d tam resni\u010dno za\u017eivi. Njeno delo je fuzija dveh navidezno lo\u010denih svetov: tehnike in domi\u0161ljije. A Eva poudarja: &#8216;Kam pa pridemo brez domi\u0161ljije?&#8217; Ta misel je jedro njenega poslanstva. Mladim \u017eeli pribli\u017eati in\u017eenirstvo kot ustvarjalen poklic. Kot delo, v katerem znanje, ki ga poganja domi\u0161ljija, premika meje. In spreminja svet na bolje.<\/em>\u00ab Doktorica elektrotehnike kot razvojna in\u017eenirka v podjetju Dewesoft na\u010drtuje in testira elektronska vezja ter razvija nove tehnolo\u0161ke re\u0161itve.<\/p>\n\n\n\n<p>Eva Pirc, in\u017eenirka leta 2025, je ob razglasitvi poudarila: \u00bb<em>Otroci bi se morali z in\u017eenirstvom spoznavati \u017ee prej in ne samo po naklju\u010dju.<\/em> <em>Ve\u010d bi morali narediti za ohranjanje njihove domi\u0161ljije in igrivosti tudi kasneje med \u0161olanjem. Pri meni je bilo razumevanje klju\u010dno. Le \u010de stvari razume\u0161, lahko na tem dela\u0161 \u0161e naprej. Tam se odpre polje domi\u0161ljije in inovacij.<\/em>\u00ab<\/p>\n\n\n\n<figure class=\"wp-block-image size-large\"><a href=\"https:\/\/tehnokrat.si\/wp-content\/uploads\/2026\/01\/Eva-Pirc-inzenirka-leta-2025-scaled.jpg\"><img loading=\"lazy\" decoding=\"async\" width=\"1024\" height=\"683\" src=\"https:\/\/tehnokrat.si\/wp-content\/uploads\/2026\/01\/Eva-Pirc-inzenirka-leta-2025-1024x683.jpg\" alt=\"\" class=\"wp-image-10557\" srcset=\"https:\/\/tehnokrat.si\/wp-content\/uploads\/2026\/01\/Eva-Pirc-inzenirka-leta-2025-1024x683.jpg 1024w, https:\/\/tehnokrat.si\/wp-content\/uploads\/2026\/01\/Eva-Pirc-inzenirka-leta-2025-300x200.jpg 300w, https:\/\/tehnokrat.si\/wp-content\/uploads\/2026\/01\/Eva-Pirc-inzenirka-leta-2025-768x512.jpg 768w, https:\/\/tehnokrat.si\/wp-content\/uploads\/2026\/01\/Eva-Pirc-inzenirka-leta-2025-1536x1024.jpg 1536w, https:\/\/tehnokrat.si\/wp-content\/uploads\/2026\/01\/Eva-Pirc-inzenirka-leta-2025-2048x1365.jpg 2048w\" sizes=\"auto, (max-width: 1024px) 100vw, 1024px\" \/><\/a><\/figure>\n\n\n\n<p><strong>Vidnost ustvarja mo\u017enost, mo\u017enost pa prihodnost<\/strong><br>\u010castna pokroviteljica izbora in osrednja govornica na dogodku predsednica Republike Slovenije <strong>dr. Nata\u0161a Pirc Musar<\/strong>, je vsem zbranim, predvsem pa 10 nominirankam, polo\u017eila na srce: \u00bb<em>Vidnost ustvarja mo\u017enost, mo\u017enost pa prihodnost. Prav zato je tako zelo dragoceno, da se in\u017eenirke povezujete z mladimi, ki \u0161e zlasti potrebujejo na\u0161o podporo in oporo. Kajti prihodnost se za\u010dne tam, kjer otrok za\u010duti varnost, sprejetost in spodbudo. Vse to tudi sama opa\u017eam, ko se pogovarjam s sodelujo\u010dimi v projektu od Alje do \u017dana, ki ga izvaja moja Fundacija Alma.<\/em>\u00abIzpostavila je tudi izjemno odgovorno poslanstvo in\u017eenirk: mlade navdihniti, jim zagotoviti pomembne informacije in jih opogumiti, da bodo samozavestno raziskovali, spoznavali sami sebe ter ob podpori star\u0161ev, u\u010diteljev, mentorjev in skupnosti razvili svoje talente v odli\u010dnost.<\/p>\n\n\n\n<figure class=\"wp-block-image size-large\"><a href=\"https:\/\/tehnokrat.si\/wp-content\/uploads\/2026\/01\/Inzenirka-leta-2025-s-predsednico-RS-dr.-Nataso-Pirc-Musar.jpg\"><img loading=\"lazy\" decoding=\"async\" width=\"1024\" height=\"683\" src=\"https:\/\/tehnokrat.si\/wp-content\/uploads\/2026\/01\/Inzenirka-leta-2025-s-predsednico-RS-dr.-Nataso-Pirc-Musar-1024x683.jpg\" alt=\"\" class=\"wp-image-10554\" srcset=\"https:\/\/tehnokrat.si\/wp-content\/uploads\/2026\/01\/Inzenirka-leta-2025-s-predsednico-RS-dr.-Nataso-Pirc-Musar-1024x683.jpg 1024w, https:\/\/tehnokrat.si\/wp-content\/uploads\/2026\/01\/Inzenirka-leta-2025-s-predsednico-RS-dr.-Nataso-Pirc-Musar-300x200.jpg 300w, https:\/\/tehnokrat.si\/wp-content\/uploads\/2026\/01\/Inzenirka-leta-2025-s-predsednico-RS-dr.-Nataso-Pirc-Musar-768x512.jpg 768w, https:\/\/tehnokrat.si\/wp-content\/uploads\/2026\/01\/Inzenirka-leta-2025-s-predsednico-RS-dr.-Nataso-Pirc-Musar-1536x1025.jpg 1536w\" sizes=\"auto, (max-width: 1024px) 100vw, 1024px\" \/><\/a><\/figure>\n\n\n\n<p><strong>Domi\u0161ljija kot iskra znanju<\/strong><br><strong>Medeja Lon\u010dar,<\/strong> direktorica Siemens Slovenija, predsednica uprave Siemens Hrva\u0161ka in direktorica Siemens Srbija ter pobudnica izbora In\u017eenirka leta, je v uvodnem nagovoru izpostavila: \u00bb<em>Za rde\u010do nit dana\u0161njega dogodka smo izbrali domi\u0161ljijo \u2013 tudi zato, ker jo v Sloveniji pogosto podcenjujemo. A prav domi\u0161ljija je most med tem, kar je, in tem, kar lahko postane. Domi\u0161ljija ni nasprotje znanju \u2013 je njegova iskra. Ko se sre\u010da z znanjem, izku\u0161njami in pogumom za odlo\u010danje, nastanejo re\u0161itve. Tak\u0161ne, ki premikajo in spreminjajo podjetja, panoge in dru\u017ebe.<\/em>\u00ab<br><br><\/p>\n\n\n\n<p><strong>Potrebujemo ljudi, ki poka\u017eejo &#8216;kako&#8217;, ne samo &#8216;zakaj&#8217;<\/strong><em><br>\u00bb<\/em><em>Nominiranke in prejemnice naziva in\u017eenirka leta dokazujejo, da za dekleta in \u017eenske v tako imenovanih STEM poklicih ni omejitev, kar je \u0161e vedno pogost stereotip. Zato vsi, od star\u0161ev, sorodnikov do u\u010diteljic, u\u010diteljev, profesoric, profesorjev spodbujajmo deklice in dekleta, da razvijajo svojo naravoslovno in tehni\u010dno nadarjenost, ki bo skozi izobra\u017eevanje prerasla v talent<\/em><em>,\u00ab<\/em> je poudaril <strong>dr. Igor Papi\u010d<\/strong>, minister za visoko \u0161olstvo, znanost in inovacije. Ministrica za digitalno preobrazbo <strong>mag. Ksenija Klampfer<\/strong> pa je dodala: \u00bb<em>In\u017eenirke ru\u0161ijo stereotipe tam, kjer je to najte\u017eje \u2013 v realnem svetu, z lastnim zgledom. Naslednji korak ni le navdu\u0161evanje mladih, ampak konkretno prena\u0161anje znanja in samozavesti tudi na odrasle. In\u017eenirke lahko pri tem naredijo klju\u010dno razliko, saj govorijo iz prakse in poka\u017eejo, da tehnologija ni abstraktna, ampak uporabna. Ko govorimo o digitalni preobrazbi, potrebujemo ljudi, ki poka\u017eejo &#8216;kako&#8217;, ne samo &#8216;zakaj&#8217;<\/em>.\u00ab<\/p>\n\n\n\n<figure class=\"wp-block-image size-large\"><a href=\"https:\/\/tehnokrat.si\/wp-content\/uploads\/2026\/01\/Eva-Pirc-v-delovnem-okolju.jpg\"><img loading=\"lazy\" decoding=\"async\" width=\"1024\" height=\"683\" src=\"https:\/\/tehnokrat.si\/wp-content\/uploads\/2026\/01\/Eva-Pirc-v-delovnem-okolju-1024x683.jpg\" alt=\"\" class=\"wp-image-10556\" srcset=\"https:\/\/tehnokrat.si\/wp-content\/uploads\/2026\/01\/Eva-Pirc-v-delovnem-okolju-1024x683.jpg 1024w, https:\/\/tehnokrat.si\/wp-content\/uploads\/2026\/01\/Eva-Pirc-v-delovnem-okolju-300x200.jpg 300w, https:\/\/tehnokrat.si\/wp-content\/uploads\/2026\/01\/Eva-Pirc-v-delovnem-okolju-768x512.jpg 768w, https:\/\/tehnokrat.si\/wp-content\/uploads\/2026\/01\/Eva-Pirc-v-delovnem-okolju-1536x1024.jpg 1536w\" sizes=\"auto, (max-width: 1024px) 100vw, 1024px\" \/><\/a><\/figure>\n\n\n\n<p><strong>Metodologija izbora: in\u017eenirka leta po izboru \u0161tirih komisij<\/strong><br>Na odlo\u010ditev, katera od leto\u0161njih desetih nominirank predstavlja najve\u010dji zgled in je navdih mladim dekletom, so s svojimi glasovi enakovredno vplivale \u0161tiri komisije: osem generacij vseh dosedanjih nominirank za priznanje in\u017eenirka leta, predstavniki medijev, dijakinje in u\u010ditelji iz konzorcija gimnazij ter \u0161olskih centrov <em>In\u017eenirke in in\u017eenirji bomo!<\/em> ter predstavniki organizatorja in partnerjev izbora In\u017eenirka leta. V sredi\u0161\u010de izbora organizatorji postavljajo odliko ali potencial izbrane in\u017eenirke leta, da je kot in\u017eenirka zgled in navdih mlaj\u0161im generacijam deklet.<\/p>\n\n\n\n<p><strong>Deset nominirank za in\u017eenirko leta 2025<\/strong><br>V leto\u0161nji izbor nominirank za in\u017eenirko leta 2025 so se uvrstile (po abecednem vrstnem redu imen): <strong>Ajda Zavrtanik\u00a0Drglin, <\/strong>programerka in vodja delovne skupine za umetno inteligenco v Narodni in univerzitetni knji\u017enici (NUK); <strong>Barbara Kal\u0161ek, <\/strong>vodja gradbi\u0161\u010da v podjetju Pomgrad; <strong>Eva Pirc<\/strong>, razvojna in\u017eenirka za podro\u010dje elektronike v podjetju Dewesoft; <strong>Iza Resnik Strozak, <\/strong>managerka za kakovost in okoljev podjetju MM Koli\u010devo; <strong>Kaja Jaklin<\/strong>, podatkovna in\u017eenirka specialistka in vodja ekipe v podjetju GEN-I; <strong>Manca Krumpa\u010dnik, <\/strong>raziskovalka strokovnjakinja jr. v podjetju Plastika Skaza; <strong>Marta Pregl,<\/strong> vi\u0161ja ekspertinja procesnih tehnologij v podjetju Lek, \u010dlanu skupine Sandoz; <strong>Nu\u0161a Bremec<\/strong>, tehnologinja orodjarne v podjetju MAHLE Electric Drives Bovec; <strong>Rebeka Danica Pacek<\/strong>, konstrukterka naprav v podjetju Iskra PIO; <strong>Tadeja Volau\u0161ek<\/strong>, vodja kemijskih in tehnolo\u0161kih projektov v podjejtu Nanoten.<\/p>\n\n\n\n<p>Izbor je osmi\u010d potekal v soorganizaciji revije IRT3000 in dru\u017ebe Mediade ter sodelujo\u010dih partnerjev. Je del projekta <em>In\u017eenirke in in\u017eenirji bomo!<\/em>, ki mlade z dogodki na gimnazijah in \u0161olskih centrih od leta 2012 navdu\u0161uje za in\u017eenirstvo, tehniko, naravoslovje in inovativnost.&nbsp;&nbsp;<\/p>\n\n\n\n<p>Ve\u010d o izboru na spletni strani <a href=\"https:\/\/inzenirka-leta.si\/o-projektu\/\">In\u017eenirka leta<\/a>.<\/p>\n\n\n\n<figure class=\"wp-block-image size-large\"><a href=\"https:\/\/tehnokrat.si\/wp-content\/uploads\/2026\/01\/Generacija-nominirank-za-inzenirko-leta-2025-scaled.jpg\"><img loading=\"lazy\" decoding=\"async\" width=\"1024\" height=\"683\" src=\"https:\/\/tehnokrat.si\/wp-content\/uploads\/2026\/01\/Generacija-nominirank-za-inzenirko-leta-2025-1024x683.jpg\" alt=\"\" class=\"wp-image-10553\" srcset=\"https:\/\/tehnokrat.si\/wp-content\/uploads\/2026\/01\/Generacija-nominirank-za-inzenirko-leta-2025-1024x683.jpg 1024w, https:\/\/tehnokrat.si\/wp-content\/uploads\/2026\/01\/Generacija-nominirank-za-inzenirko-leta-2025-300x200.jpg 300w, https:\/\/tehnokrat.si\/wp-content\/uploads\/2026\/01\/Generacija-nominirank-za-inzenirko-leta-2025-768x512.jpg 768w, https:\/\/tehnokrat.si\/wp-content\/uploads\/2026\/01\/Generacija-nominirank-za-inzenirko-leta-2025-1536x1024.jpg 1536w, https:\/\/tehnokrat.si\/wp-content\/uploads\/2026\/01\/Generacija-nominirank-za-inzenirko-leta-2025-2048x1365.jpg 2048w\" sizes=\"auto, (max-width: 1024px) 100vw, 1024px\" \/><\/a><\/figure>\n","protected":false},"excerpt":{"rendered":"<p>Prejemnica naziva in\u017eenirka leta 2025 je dr. Eva Pirc, razvojna in\u017eenirka v podjetju Dewesoft. Na&#8230;<\/p>\n","protected":false},"author":1,"featured_media":10555,"comment_status":"open","ping_status":"open","sticky":false,"template":"","format":"standard","meta":{"_exactmetrics_skip_tracking":false,"_exactmetrics_sitenote_active":false,"_exactmetrics_sitenote_note":"","_exactmetrics_sitenote_category":0,"footnotes":""},"categories":[6],"tags":[],"class_list":["post-10552","post","type-post","status-publish","format-standard","has-post-thumbnail","hentry","category-odtuintam"],"featured_image_urls":{"full":["https:\/\/tehnokrat.si\/wp-content\/uploads\/2026\/01\/Eva-Pirc-inzenirka-leta-20251-scaled.jpg",2560,1707,false],"thumbnail":["https:\/\/tehnokrat.si\/wp-content\/uploads\/2026\/01\/Eva-Pirc-inzenirka-leta-20251-150x150.jpg",150,150,true],"medium":["https:\/\/tehnokrat.si\/wp-content\/uploads\/2026\/01\/Eva-Pirc-inzenirka-leta-20251-300x200.jpg",300,200,true],"medium_large":["https:\/\/tehnokrat.si\/wp-content\/uploads\/2026\/01\/Eva-Pirc-inzenirka-leta-20251-768x512.jpg",640,427,true],"large":["https:\/\/tehnokrat.si\/wp-content\/uploads\/2026\/01\/Eva-Pirc-inzenirka-leta-20251-1024x683.jpg",640,427,true],"1536x1536":["https:\/\/tehnokrat.si\/wp-content\/uploads\/2026\/01\/Eva-Pirc-inzenirka-leta-20251-1536x1024.jpg",1536,1024,true],"2048x2048":["https:\/\/tehnokrat.si\/wp-content\/uploads\/2026\/01\/Eva-Pirc-inzenirka-leta-20251-2048x1365.jpg",2048,1365,true],"newsphere-slider-full":["https:\/\/tehnokrat.si\/wp-content\/uploads\/2026\/01\/Eva-Pirc-inzenirka-leta-20251-1280x720.jpg",1280,720,true],"newsphere-featured":["https:\/\/tehnokrat.si\/wp-content\/uploads\/2026\/01\/Eva-Pirc-inzenirka-leta-20251-1024x683.jpg",1024,683,true],"newsphere-medium":["https:\/\/tehnokrat.si\/wp-content\/uploads\/2026\/01\/Eva-Pirc-inzenirka-leta-20251-720x380.jpg",720,380,true]},"author_info":{"display_name":"Miran","author_link":"https:\/\/tehnokrat.si\/?author=1"},"category_info":"<a href=\"https:\/\/tehnokrat.si\/?cat=6\" rel=\"category\">Od tu in tam<\/a>","tag_info":"Od tu in tam","comment_count":"0","_links":{"self":[{"href":"https:\/\/tehnokrat.si\/index.php?rest_route=\/wp\/v2\/posts\/10552","targetHints":{"allow":["GET"]}}],"collection":[{"href":"https:\/\/tehnokrat.si\/index.php?rest_route=\/wp\/v2\/posts"}],"about":[{"href":"https:\/\/tehnokrat.si\/index.php?rest_route=\/wp\/v2\/types\/post"}],"author":[{"embeddable":true,"href":"https:\/\/tehnokrat.si\/index.php?rest_route=\/wp\/v2\/users\/1"}],"replies":[{"embeddable":true,"href":"https:\/\/tehnokrat.si\/index.php?rest_route=%2Fwp%2Fv2%2Fcomments&post=10552"}],"version-history":[{"count":1,"href":"https:\/\/tehnokrat.si\/index.php?rest_route=\/wp\/v2\/posts\/10552\/revisions"}],"predecessor-version":[{"id":10558,"href":"https:\/\/tehnokrat.si\/index.php?rest_route=\/wp\/v2\/posts\/10552\/revisions\/10558"}],"wp:featuredmedia":[{"embeddable":true,"href":"https:\/\/tehnokrat.si\/index.php?rest_route=\/wp\/v2\/media\/10555"}],"wp:attachment":[{"href":"https:\/\/tehnokrat.si\/index.php?rest_route=%2Fwp%2Fv2%2Fmedia&parent=10552"}],"wp:term":[{"taxonomy":"category","embeddable":true,"href":"https:\/\/tehnokrat.si\/index.php?rest_route=%2Fwp%2Fv2%2Fcategories&post=10552"},{"taxonomy":"post_tag","embeddable":true,"href":"https:\/\/tehnokrat.si\/index.php?rest_route=%2Fwp%2Fv2%2Ftags&post=10552"}],"curies":[{"name":"wp","href":"https:\/\/api.w.org\/{rel}","templated":true}]}}