{"id":10110,"date":"2025-09-15T16:57:00","date_gmt":"2025-09-15T15:57:00","guid":{"rendered":"https:\/\/tehnokrat.si\/?p=10110"},"modified":"2025-09-16T12:02:51","modified_gmt":"2025-09-16T11:02:51","slug":"industrijski-forum-irt-adria-svetilnik-hrvaske-industrije","status":"publish","type":"post","link":"https:\/\/tehnokrat.si\/?p=10110","title":{"rendered":"Industrijski forum IRT ADRIA \u2013 svetilnik hrva\u0161ke industrije"},"content":{"rendered":"\n<p><strong>Da razvoj Hrva\u0161ke ne temelji zgolj na turizmu, te dni v Zadru na poslovno-tehni\u010dni konferenci Industrijski forum IRT ADRIA dokazuje ve\u010d kot 230 udele\u017eencev.<\/strong><\/p>\n\n\n\n<p>Po vzoru slovenskega dogodka Industrijski forum IRT, ki je bil letos organiziran \u017ee 16. zapored, je revija IRT3000 premierno organizirala podoben strokovni dogodek tudi na Hrva\u0161kem. Dvodnevna konferenca Industrijski forum IRT ADRIA je v Zadar privabila ve\u010d kot 230 predstavnikov hrva\u0161kih podjetij in izobra\u017eevalnih ustanov.<\/p>\n\n\n\n<figure class=\"wp-block-table\"><table class=\"has-fixed-layout\"><tbody><tr><td><img decoding=\"async\" src=\"https:\/\/ci3.googleusercontent.com\/meips\/ADKq_NagmEG1RkGls7ecEvZJACGerBuWTIoBycQSy4SGc4IbN2UkovQAp0NfLw4RNopuw0HqSRDudaqG_eU__GQZIB_8RHuO0VQhuDOt0Gd8I7Qo0lViniZdYWUmnP4rP_CZsEOP5hvTJlQvC6-zDLeSlt-gwQ=s0-d-e1-ft#https:\/\/storage.mlcdn.com\/account_image\/1517092\/6n5WYN2ZPOZGLCElbFwcnySMr3PPS9T7qZ2z3Zh0.jpg\" alt=\"\" width=\"250\"><\/td><\/tr><\/tbody><\/table><\/figure>\n\n\n\n<p>\u00bbVrhunskih rezultatov danes ne moremo dose\u010di brez intenzivnega sodelovanja med znanostjo in gospodarstvom, saj lahko prav tak\u0161no sodelovanje vse izzive, ki so danes pred nami in ki nas bodo \u010dakali v prihodnje, spremeni v\u00a0motivacijo, ki poganja prihodnji napredek. In prav to je glavni cilj tega dogodka \u2013 spodbuditi medsebojno sodelovanje med znanostjo in gospodarstvom pri skupnem re\u0161evanju najrazli\u010dnej\u0161ih izzivov,\u00ab je udele\u017eence pozdravil dr. Damir Godec iz Fakultete za strojni\u0161tvo in ladjedelstvo v Zagrebu.<\/p>\n\n\n\n<figure class=\"wp-block-table\"><table class=\"has-fixed-layout\"><tbody><tr><td><img decoding=\"async\" src=\"https:\/\/ci3.googleusercontent.com\/meips\/ADKq_NZFCDCnvRscDlzn3FpEcDbqnWTR2c0Cq0yyDLJ959Sp7OZSrEin4LgdYNzBVSJ0pWjy_IAGTzrLk4uuUv9iHTjVDb26lkTaIjq9__4sxzth9mHSimAxeLLqQ8sXgoobUMqrbVpvpsvgw-uBJPfocPGb1Q=s0-d-e1-ft#https:\/\/storage.mlcdn.com\/account_image\/1517092\/4axyjuUJZ76JXKEC3F3kQQlOc9ad43NMTUP71iLV.jpg\" alt=\"\" width=\"250\"><\/td><\/tr><\/tbody><\/table><\/figure>\n\n\n\n<p>Toplo jih je sprejel tudi Denis Iki\u0107, predsednik obmo\u010dne zbornice Zadar, ki je izpostavil: \u00bbPrihodki zadrske \u017eupanije\u00a0temeljijo na rezultatih dela 6.800 podjetij. Lani so\u00a0ustvarila 8 milijard prihodkov. Morda bo za koga presene\u010denje, a na prvem mestu po dele\u017eu v \u200b\u200bskupnih prihodkih je predelovalna industrija z ve\u010d kot 21 odstotki, pred trgovino, gradbeni\u0161tvom in turizmom. Ta panoga v Zadru in okolici trenutno zaposluje 5.300 ljudi, kar je pribli\u017eno nekaj ve\u010d kot tretjina delavcev v celotni industriji.\u00ab<\/p>\n\n\n\n<p>V hotelu Kolovare se bo v dveh dneh Industrijskega Foruma IRT ADRIA zvrstilo 18 strokovnih predavanj priznanih strokovnjakov iz razli\u010dnih podro\u010dij industrije. Konferenca, katere cilj je po vzoru slovenskega dogodka postati svetilnik hrva\u0161ke industrije, je \u017ee izpostavila vrsto spodbudnih projektov. Veseli tudi posluh dr\u017eave, saj Hrva\u0161ka tovrstnemu sodelovanju, inovacijam, raziskavam in razvoju letos namenja 191 milijonov evrov.<\/p>\n\n\n\n<figure class=\"wp-block-table\"><table class=\"has-fixed-layout\"><tbody><tr><td><img decoding=\"async\" src=\"https:\/\/ci3.googleusercontent.com\/meips\/ADKq_NZ-im6QmbfhnYNBl_zKSRnjnJiqNRR4kvQg4bzfwZGBCqyaEdV6MQf3c7-cDxkHh0iz51TAwD8gvSEQj7tN2t-Q4KTX9QG8c5BRoOQGoxJWVRlxpoLnJJvYPKkhXqOOc8BoyJe2r0ayeKknDgmfkV6apA=s0-d-e1-ft#https:\/\/storage.mlcdn.com\/account_image\/1517092\/OZxNIA8xoacM8FikE5yKZ45aKbZxoJDXAiCO9HQa.jpg\" alt=\"\" width=\"250\"><\/td><\/tr><\/tbody><\/table><\/figure>\n\n\n\n<p>Znanje je tisto, ki \u0161teje Na konferenci je zato svoje izku\u0161nje delila Snje\u017eana Mili\u0161a, ki je pred dvemi leti kot prva na Hrva\u0161kem pridobila naziv In\u017eenirka leta. Diplomirana\u00a0in\u017eenirka elektrotehnike je osvetlila vlogo in\u017eenirjev pri snovanju vrhunskih super\u0161portnih vozil in pogled na veliko rezervo: in\u017eenirke. \u00bbStanje, ki trenutno vlada v dru\u017ebi, povzro\u010da, da je dele\u017e in\u017eenirk, zlasti v elektrotehniki in strojni\u0161tvu, \u0161e vedno zelo majhen. Razlog je o\u010diten: pomanjkanje vzornikov. In\u017eenirke kot take v dru\u017ebi niso vidne. Prav zato je projekt in\u017eenirka leta tako zelo pomemben, saj skozi razli\u010dne in\u017eenirke poka\u017ee njihove \u017eivljenjske poti in da za in\u017eenirke, ki sodelujejo v izboru, niso pomembni le prispevki k tehnologiji, ampak celotno njihovo \u017eivljenje, prispevki v dru\u017ebi in gospodarstvu. Kot otrok sem imela najraje matematiko in fiziko, Nikola Tesla je bil moj vzornik. Verjamem, da je tako \u0161e danes pri veliko otrocih na Hrva\u0161kem, a nato se ti izgubijo na poti do tehni\u010dnih poklicev. To moramo popraviti.\u00ab<\/p>\n\n\n\n<figure class=\"wp-block-table\"><table class=\"has-fixed-layout\"><tbody><tr><td><img decoding=\"async\" src=\"https:\/\/ci3.googleusercontent.com\/meips\/ADKq_NYJF7KNAhWbwhr13sdL48tzPGHsxYxaUn5AQO3_WCqjCfTpypUFfOJmhix9scREpFbBA1KBIMX29wJrd0sRqBGJwac56DLzipRGJeugvpyWOqAMFgRUsHNlVlPiKdP1lhDeh6_R9KeudhtgGtc5efBEYw=s0-d-e1-ft#https:\/\/storage.mlcdn.com\/account_image\/1517092\/tX485sW2mVifX9Oa0yjhkJLTzhFXVzvsjsgTfOJG.jpg\" alt=\"\" width=\"640\"><\/td><\/tr><\/tbody><\/table><\/figure>\n\n\n\n<p>V nadaljevanju so bili v ospredju primeri dobrih praks iz doma\u010de industrije, v spremljevalnem programu dogodka, t. i. razstavi, pa 35 podjetij predstavlja svoje najnovej\u0161e tehnologije in inovativne re\u0161itve na razstavnem prostoru, dostopnem vsem obiskovalcem konference.<\/p>\n\n\n\n<p>Udele\u017eenci konference so odli\u010dno sprejeli tudi zanimivo novost \u2013 obisk podjetja med konferenco. Ve\u010dina udele\u017eencev je tako obiskala podjetje CHIRON Croatia \u2013 HSTec, ki \u017ee od leta 1997 ustvarja inovativne in prilagojene re\u0161itve za razli\u010dne industrijske aplikacije.<\/p>\n\n\n\n<figure class=\"wp-block-table\"><table class=\"has-fixed-layout\"><tbody><tr><td><img decoding=\"async\" src=\"https:\/\/ci3.googleusercontent.com\/meips\/ADKq_NYYiFxu4cs4j9E2yMgA4YZje5LhxgyduQI3rGYDL9aEhyjkP0Q4pYm-QdujUf_VWNxRoO2-YUzOQriG6R8trWg6o2HmUajnHHLjX0or8ESoYBM5fSK9qqIk6SYytRev0NHA9CCOZEfZmbDrF9O4WLKKDQ=s0-d-e1-ft#https:\/\/storage.mlcdn.com\/account_image\/1517092\/T494KYzBaXh6vSNYE0qb4PXj3APpsUvMEUyR1MD8.jpg\" alt=\"\" width=\"640\"><\/td><\/tr><\/tbody><\/table><\/figure>\n\n\n\n<p>Prvi dan konference Industrijski forum IRT ADRIA v Zadru se je zaklju\u010dil s predavanji na temo Industrije 4.0 ter uvajanju umetne inteligence na podro\u010dje programiranja CNC-strojev ter upravljanja in vzdr\u017eevanja proizvodnje.<\/p>\n","protected":false},"excerpt":{"rendered":"<p>Da razvoj Hrva\u0161ke ne temelji zgolj na turizmu, te dni v Zadru na poslovno-tehni\u010dni konferenci&#8230;<\/p>\n","protected":false},"author":1,"featured_media":10111,"comment_status":"open","ping_status":"open","sticky":false,"template":"","format":"standard","meta":{"_exactmetrics_skip_tracking":false,"_exactmetrics_sitenote_active":false,"_exactmetrics_sitenote_note":"","_exactmetrics_sitenote_category":0,"footnotes":""},"categories":[6],"tags":[1041,4802,5788,5411,3229,5789],"class_list":["post-10110","post","type-post","status-publish","format-standard","has-post-thumbnail","hentry","category-odtuintam","tag-dogodek","tag-industrija","tag-irt-adria","tag-irt3000","tag-konferenca","tag-zadar"],"featured_image_urls":{"full":["https:\/\/tehnokrat.si\/wp-content\/uploads\/2025\/09\/Industrijski-forum-IRT-ADRIA.jpg",2000,1333,false],"thumbnail":["https:\/\/tehnokrat.si\/wp-content\/uploads\/2025\/09\/Industrijski-forum-IRT-ADRIA-150x150.jpg",150,150,true],"medium":["https:\/\/tehnokrat.si\/wp-content\/uploads\/2025\/09\/Industrijski-forum-IRT-ADRIA-300x200.jpg",300,200,true],"medium_large":["https:\/\/tehnokrat.si\/wp-content\/uploads\/2025\/09\/Industrijski-forum-IRT-ADRIA-768x512.jpg",640,427,true],"large":["https:\/\/tehnokrat.si\/wp-content\/uploads\/2025\/09\/Industrijski-forum-IRT-ADRIA-1024x682.jpg",640,426,true],"1536x1536":["https:\/\/tehnokrat.si\/wp-content\/uploads\/2025\/09\/Industrijski-forum-IRT-ADRIA-1536x1024.jpg",1536,1024,true],"2048x2048":["https:\/\/tehnokrat.si\/wp-content\/uploads\/2025\/09\/Industrijski-forum-IRT-ADRIA.jpg",2000,1333,false],"newsphere-slider-full":["https:\/\/tehnokrat.si\/wp-content\/uploads\/2025\/09\/Industrijski-forum-IRT-ADRIA-1280x720.jpg",1280,720,true],"newsphere-featured":["https:\/\/tehnokrat.si\/wp-content\/uploads\/2025\/09\/Industrijski-forum-IRT-ADRIA-1024x682.jpg",1024,682,true],"newsphere-medium":["https:\/\/tehnokrat.si\/wp-content\/uploads\/2025\/09\/Industrijski-forum-IRT-ADRIA-720x380.jpg",720,380,true]},"author_info":{"display_name":"Miran","author_link":"https:\/\/tehnokrat.si\/?author=1"},"category_info":"<a href=\"https:\/\/tehnokrat.si\/?cat=6\" rel=\"category\">Od tu in tam<\/a>","tag_info":"Od tu in tam","comment_count":"0","_links":{"self":[{"href":"https:\/\/tehnokrat.si\/index.php?rest_route=\/wp\/v2\/posts\/10110","targetHints":{"allow":["GET"]}}],"collection":[{"href":"https:\/\/tehnokrat.si\/index.php?rest_route=\/wp\/v2\/posts"}],"about":[{"href":"https:\/\/tehnokrat.si\/index.php?rest_route=\/wp\/v2\/types\/post"}],"author":[{"embeddable":true,"href":"https:\/\/tehnokrat.si\/index.php?rest_route=\/wp\/v2\/users\/1"}],"replies":[{"embeddable":true,"href":"https:\/\/tehnokrat.si\/index.php?rest_route=%2Fwp%2Fv2%2Fcomments&post=10110"}],"version-history":[{"count":2,"href":"https:\/\/tehnokrat.si\/index.php?rest_route=\/wp\/v2\/posts\/10110\/revisions"}],"predecessor-version":[{"id":10114,"href":"https:\/\/tehnokrat.si\/index.php?rest_route=\/wp\/v2\/posts\/10110\/revisions\/10114"}],"wp:featuredmedia":[{"embeddable":true,"href":"https:\/\/tehnokrat.si\/index.php?rest_route=\/wp\/v2\/media\/10111"}],"wp:attachment":[{"href":"https:\/\/tehnokrat.si\/index.php?rest_route=%2Fwp%2Fv2%2Fmedia&parent=10110"}],"wp:term":[{"taxonomy":"category","embeddable":true,"href":"https:\/\/tehnokrat.si\/index.php?rest_route=%2Fwp%2Fv2%2Fcategories&post=10110"},{"taxonomy":"post_tag","embeddable":true,"href":"https:\/\/tehnokrat.si\/index.php?rest_route=%2Fwp%2Fv2%2Ftags&post=10110"}],"curies":[{"name":"wp","href":"https:\/\/api.w.org\/{rel}","templated":true}]}}